{"id":15581,"date":"2025-02-05T10:15:36","date_gmt":"2025-02-05T07:15:36","guid":{"rendered":"https:\/\/www.egemtv.com\/?p=15581"},"modified":"2025-02-05T10:15:42","modified_gmt":"2025-02-05T07:15:42","slug":"baskan-tugay-yapi-stoku-problemini-halledecegiz","status":"publish","type":"post","link":"https:\/\/www.egemtv.com\/?p=15581","title":{"rendered":"Ba\u015fkan Tugay: \u2019Yap\u0131 stoku problemini halledece\u011fiz\u2019"},"content":{"rendered":"<p>\u0130zmir Ekonomik Kalk\u0131nma Koordinasyon Kurulu\u2019nun (\u0130EKKK) 133\u2019\u00fcnc\u00fc toplant\u0131s\u0131nda konu\u015fan \u0130zmir B\u00fcy\u00fck\u015fehir Belediye Ba\u015fkan\u0131 Dr. Cemil Tugay, &#8220;\u0130zmir\u2019in yap\u0131 stoku problemini halletmesi laz\u0131m. T\u0131pk\u0131 altyap\u0131, ula\u015f\u0131m, trafik sorunu gibi. \u00d6yle ya da b\u00f6yle bu d\u00f6nemde riskli binalar\u0131n yenilenmesini sa\u011flayaca\u011f\u0131z. Zor olabilir, s\u0131k\u0131nt\u0131l\u0131 olabilir ama yap\u0131lmas\u0131 imkans\u0131z de\u011fil&#8221; dedi.<br \/>\n<br \/>\u0130zmir Ekonomik Kalk\u0131nma Koordinasyon Kurulu\u2019nun (\u0130EKKK) 133\u2019\u00fcnc\u00fc toplant\u0131s\u0131, Tarihi Havagaz\u0131 Fabrikas\u0131\u2019nda \u0130zmir B\u00fcy\u00fck\u015fehir Belediye Ba\u015fkan\u0131 Dr. Cemil Tugay ev sahipli\u011finde yap\u0131ld\u0131. Ege Gen\u00e7 \u0130\u015f \u0130nsanlar\u0131 Dernekleri Federasyonu (EG\u0130FED) Y\u00f6netim Kurulu Ba\u015fkan\u0131 Alp Avni Yelkenbi\u00e7er y\u00f6netimindeki toplant\u0131da, \u0130zmir Planlama Ajans\u0131 Ba\u015fkan\u0131 Prof. Dr. Koray Velibeyo\u011flu &#8220;Teknik Komite Misyon Belirleme \u00c7al\u0131\u015fmas\u0131 \u0130lerleme Durumu&#8221; ve &#8220;Kemeralt\u0131 Ara\u015ft\u0131rma Program\u0131&#8221; ba\u015fl\u0131kl\u0131 bir sunum yapt\u0131. Toplant\u0131da ayr\u0131ca \u0130zmir Kalk\u0131nma Ajans\u0131 Genel Sekreteri Dr. Mehmet Yavuz da &#8220;Haf\u0131za \u0130zmir&#8221; ba\u015fl\u0131\u011f\u0131nda yap\u0131lan \u00e7al\u0131\u015fmalar\u0131 sundu.<\/p>\n<p>Tugay: T\u00fcrkiye\u2019de ilk olacak<br \/>\n<br \/>\u0130zmir B\u00fcy\u00fck\u015fehir Belediye Ba\u015fkan\u0131 Dr. Cemil Tugay, \u0130zmir i\u00e7in deprem konusunda ciddi \u00e7al\u0131\u015fmalar yap\u0131lmas\u0131 gerekti\u011fini belirterek &#8220;Bayrakl\u0131 ve Bornova\u2019daki binalar dayan\u0131kl\u0131l\u0131k a\u00e7\u0131s\u0131ndan tarand\u0131. Orta Do\u011fu Teknik \u00dcniversitesi ile \u0130n\u015faat M\u00fchendisleri Odas\u0131\u2019n\u0131n beraber geli\u015ftirdi\u011fi bir y\u00f6ntemle, d\u0131\u015far\u0131dan g\u00f6zlemle ve basit testlerle bu tarama yap\u0131l\u0131yor. Bununla beraber \u2019benim binam\u0131 kontrol eder misiniz\u2019 diyen ki\u015filerin binalar\u0131n\u0131 da ekledi\u011finizde 4 bin 100 civar\u0131nda bina, depreme dayan\u0131ks\u0131z olarak de\u011ferlendirilmi\u015f. Ama bizim kanunlar\u0131m\u0131za g\u00f6re bu \u015fekilde karar veremiyorsunuz. Yap\u0131lar\u0131n riskli olup olmad\u0131\u011f\u0131n\u0131 belirlemek i\u00e7in performans testleri var, kanuna g\u00f6re onlar\u0131 yapt\u0131rman\u0131z gerekiyor. Ancak bu bulgu b\u00fcy\u00fck ihtimalle do\u011fru. G\u00f6zlem ve basit testlerle elde edilen bulgunun do\u011fru olma ihtimali \u00e7ok y\u00fcksek. Bu binalar\u0131n riskli oldu\u011funu d\u00fc\u015f\u00fcn\u00fcyoruz. O nedenle bina sahiplerine, orada oturan insanlara bunu bildirme karar\u0131 ald\u0131k. \u0130l\u00e7e belediyelerine yaz\u0131ld\u0131. \u0130l\u00e7e belediyeleri bina sahiplerine bildirecek, sonra da 6306 say\u0131l\u0131 Afet Riski Alt\u0131ndaki Alanlar\u0131n D\u00f6n\u00fc\u015ft\u00fcr\u00fclmesi hakk\u0131ndaki kanuna g\u00f6re riskli yap\u0131 karar\u0131 al\u0131n\u0131p al\u0131nmamas\u0131 a\u00e7\u0131s\u0131ndan performans testleri yap\u0131lacak. Testler k\u00f6t\u00fc \u00e7\u0131karsa riskli yap\u0131 karar\u0131 verilecek. Ard\u0131ndan bu binalar\u0131n 2 ay i\u00e7inde bo\u015falt\u0131lmas\u0131n\u0131 ve sonra da yeniden yap\u0131lmas\u0131n\u0131 isteyece\u011fiz. 4 bin 100 binada ortalama 10 hane olsa, bu 40 bin ev demek. Bunlar\u0131n yeniden yap\u0131lmas\u0131 ya da g\u00fc\u00e7lendirilmesi i\u00e7in bir s\u00fcre\u00e7 y\u00fcr\u00fctece\u011fiz. Bu ger\u00e7ekle\u015fti\u011finde T\u00fcrkiye\u2019de bir ilk olacak, \u00e7\u00fcnk\u00fc bug\u00fcne kadar b\u00f6yle bir \u015fey yap\u0131lmad\u0131. Riskli oldu\u011funu saptad\u0131\u011f\u0131n\u0131z binalar\u0131 uzaktan seyredemezsiniz. Mutlaka bir yenilenme ya da g\u00fc\u00e7lendirme s\u00fcrecine sokman\u0131z laz\u0131m. Biz de bu s\u00fcreci ba\u015flataca\u011f\u0131z&#8221; dedi.<\/p>\n<p>&#8220;Hangi b\u00f6lgeye \u00f6ncelikli bakmam\u0131z gerekti\u011fini biliyoruz&#8221;<br \/>\n<br \/>Zemin ara\u015ft\u0131rmas\u0131n\u0131n da s\u00fcrd\u00fc\u011f\u00fcn\u00fc hat\u0131rlatan Tugay, &#8220;Zemin de \u00f6nemli bir sorun. Hangi b\u00f6lgeye \u00f6ncelikli olarak bakmam\u0131z gerekti\u011fini biliyoruz. Al\u00fcvyon zemin \u00fczerine yap\u0131lm\u0131\u015f olan yap\u0131lara daha dikkatli bakmal\u0131y\u0131z.  Bayrakl\u0131 ve Bornova s\u00fcreci ilerlerken bir taraftan da Kar\u015f\u0131yaka\u2019da, daha sonra Halkap\u0131nar civar\u0131nda zeminin problemli oldu\u011funu d\u00fc\u015f\u00fcnd\u00fc\u011f\u00fcm\u00fcz yerlerde bina envanter \u00e7al\u0131\u015fmas\u0131, binalar\u0131n muayenesini yapaca\u011f\u0131z. \u00d6yle ya da b\u00f6yle bu d\u00f6nemde bu binalar\u0131n yenilenmesini sa\u011flayaca\u011f\u0131z. Zor olabilir, s\u0131k\u0131nt\u0131l\u0131 olabilir ama yap\u0131lmas\u0131 imkans\u0131z de\u011fil. \u0130stanbul\u2019da \u2018yar\u0131s\u0131 sizden, yar\u0131s\u0131 bizden\u2019 diye h\u00fck\u00fcmetin yapm\u0131\u015f oldu\u011fu bir \u00e7al\u0131\u015fma var. Bu, \u0130zmir\u2019de rahatl\u0131kla olabilir. Koruma plan notu gibi kararlar\u0131 yeniden alabiliriz, emsal art\u0131\u015flar\u0131n\u0131 kullanabiliriz. Onun d\u0131\u015f\u0131nda d\u0131\u015far\u0131dan kaynak bulunabilir. \u0130zmir\u2019in yap\u0131 stoku ile ilgili konuyu halletmesi laz\u0131m. T\u0131pk\u0131 altyap\u0131 sorunu, ula\u015f\u0131m, trafik sorunu gibi&#8221; \u015feklinde konu\u015ftu.<\/p>\n<p>&#8220;G\u00f6zle g\u00f6r\u00fcl\u00fcr bir d\u00fczelme var&#8221;<br \/>\n<br \/>\u0130zmir K\u00f6rfezi\u2019ndeki \u00e7al\u0131\u015fmalar\u0131n sonu\u00e7 verdi\u011fini a\u00e7\u0131klayan Ba\u015fkan Dr. Cemil Tugay, &#8220;Son yap\u0131lan \u00f6l\u00e7\u00fcmlerde de\u011ferler iyi \u00e7\u0131kt\u0131. H\u0131zla bir d\u00fczelme g\u00f6r\u00fcyoruz. Hi\u00e7 \u00f6yle zannedildi\u011fi gibi k\u00f6t\u00fcye giden bir \u015fey yok. G\u00f6zle g\u00f6r\u00fcl\u00fcr bir d\u00fczelme var. Ar\u0131tma iyi \u00e7al\u0131\u015f\u0131yor. Nisan ay\u0131nda 4. faz da bitecek. Dereleri ve Gediz\u2019i biraz daha yak\u0131ndan inceleyece\u011fiz. Oralardaki kirletici de\u015farjlar\u0131 yakalay\u0131p durduraca\u011f\u0131z. K\u00f6rfez\u2019in hi\u00e7 kimsenin tahmin etmedi\u011fi kadar h\u0131zl\u0131 temizlenece\u011fini d\u00fc\u015f\u00fcn\u00fcyorum&#8221; dedi.<\/p>\n<p>&#8220;K\u00fclt\u00fcr olmadan kalk\u0131nma olmuyor&#8221;<br \/>\n<br \/>\u0130zmir\u2019in Avrupa Komisyonu\u2019nun iklimle m\u00fccadele konusundaki \u00e7a\u011fr\u0131s\u0131na kabul edilerek AB \u00fcyesi kentler d\u0131\u015f\u0131nda &#8220;AB \u015eehirler Misyonu Etiketi&#8221; unvan\u0131n\u0131 alan ilk kent oldu\u011funu hat\u0131rlatan Tugay, 2030 s\u0131f\u0131r karbon hedefine y\u00f6nelik \u00e7al\u0131\u015fmalar\u0131 h\u0131zland\u0131rd\u0131klar\u0131n\u0131, enerji verimlili\u011fiyle ilgili bir \u00e7al\u0131\u015ftay yapacaklar\u0131n\u0131 belirtti. Tugay, insan kayna\u011f\u0131n\u0131 \u00e7ok \u00f6nemsediklerini de ifade ederek, sanayi sitelerinde \u00e7al\u0131\u015fan \u00e7\u0131rak \u00e7ocuklarla ilgili \u00e7al\u0131\u015fma ba\u015flatt\u0131klar\u0131n\u0131 belirtti. Tugay, &#8220;K\u00fclt\u00fcr olmadan kalk\u0131nma olmuyor. Geli\u015fmeyi, kalk\u0131nmay\u0131 k\u00fclt\u00fcr e\u015fli\u011finde sa\u011flayabiliyorsunuz. K\u00fclt\u00fcr sadece bu salonda konu\u015fan insanlarla de\u011fil, sanayi sitelerinde \u00e7\u0131rakl\u0131k yapan \u00e7ocuklarla da geli\u015fecek. K\u00fclt\u00fcr\u00fcn bu \u015fehrin b\u00fct\u00fcn insanlar\u0131n\u0131 kaps\u0131yor olmas\u0131 laz\u0131m. Arkada\u015flar\u0131m\u0131z kap\u0131 kap\u0131 gezip dezavantajl\u0131 mahallelerde \u2019sizin i\u00e7in ne yapabiliriz\u2019 diye soruyor. B\u00f6yle bir yerel y\u00f6netim s\u00fcreci y\u00fcr\u00fcyor&#8221; diye konu\u015ftu.<br \/><\/p>\n","protected":false},"excerpt":{"rendered":"<p>\u0130zmir Ekonomik Kalk\u0131nma Koordinasyon Kurulu\u2019nun (\u0130EKKK) 133\u2019\u00fcnc\u00fc toplant\u0131s\u0131nda konu\u015fan \u0130zmir B\u00fcy\u00fck\u015fehir Belediye Ba\u015fkan\u0131 Dr. Cemil Tugay, &#8220;\u0130zmir\u2019in yap\u0131 stoku problemini halletmesi laz\u0131m. T\u0131pk\u0131 altyap\u0131, ula\u015f\u0131m, trafik sorunu gibi. \u00d6yle ya da b\u00f6yle bu d\u00f6nemde riskli binalar\u0131n yenilenmesini sa\u011flayaca\u011f\u0131z. Zor olabilir, s\u0131k\u0131nt\u0131l\u0131 olabilir ama yap\u0131lmas\u0131 imkans\u0131z de\u011fil&#8221; dedi. \u0130zmir Ekonomik Kalk\u0131nma Koordinasyon Kurulu\u2019nun (\u0130EKKK) 133\u2019\u00fcnc\u00fc toplant\u0131s\u0131,&#8230;<\/p>\n","protected":false},"author":1,"featured_media":15582,"comment_status":"open","ping_status":"open","sticky":false,"template":"","format":"standard","meta":{"_crdt_document":"","footnotes":""},"categories":[1],"tags":[],"class_list":["post-15581","post","type-post","status-publish","format-standard","has-post-thumbnail","hentry","category-guncel"],"_links":{"self":[{"href":"https:\/\/www.egemtv.com\/index.php?rest_route=\/wp\/v2\/posts\/15581","targetHints":{"allow":["GET"]}}],"collection":[{"href":"https:\/\/www.egemtv.com\/index.php?rest_route=\/wp\/v2\/posts"}],"about":[{"href":"https:\/\/www.egemtv.com\/index.php?rest_route=\/wp\/v2\/types\/post"}],"author":[{"embeddable":true,"href":"https:\/\/www.egemtv.com\/index.php?rest_route=\/wp\/v2\/users\/1"}],"replies":[{"embeddable":true,"href":"https:\/\/www.egemtv.com\/index.php?rest_route=%2Fwp%2Fv2%2Fcomments&post=15581"}],"version-history":[{"count":1,"href":"https:\/\/www.egemtv.com\/index.php?rest_route=\/wp\/v2\/posts\/15581\/revisions"}],"predecessor-version":[{"id":15583,"href":"https:\/\/www.egemtv.com\/index.php?rest_route=\/wp\/v2\/posts\/15581\/revisions\/15583"}],"wp:featuredmedia":[{"embeddable":true,"href":"https:\/\/www.egemtv.com\/index.php?rest_route=\/wp\/v2\/media\/15582"}],"wp:attachment":[{"href":"https:\/\/www.egemtv.com\/index.php?rest_route=%2Fwp%2Fv2%2Fmedia&parent=15581"}],"wp:term":[{"taxonomy":"category","embeddable":true,"href":"https:\/\/www.egemtv.com\/index.php?rest_route=%2Fwp%2Fv2%2Fcategories&post=15581"},{"taxonomy":"post_tag","embeddable":true,"href":"https:\/\/www.egemtv.com\/index.php?rest_route=%2Fwp%2Fv2%2Ftags&post=15581"}],"curies":[{"name":"wp","href":"https:\/\/api.w.org\/{rel}","templated":true}]}}