{"id":15520,"date":"2025-02-05T09:41:45","date_gmt":"2025-02-05T06:41:45","guid":{"rendered":"https:\/\/www.egemtv.com\/?p=15520"},"modified":"2025-02-05T09:41:55","modified_gmt":"2025-02-05T06:41:55","slug":"denizli-buyuksehir-belediyesinden-ucretsiz-sabah-sporlari-2","status":"publish","type":"post","link":"https:\/\/www.egemtv.com\/?p=15520","title":{"rendered":"Denizli B\u00fcy\u00fck\u015fehir Belediyesinden \u00fccretsiz sabah sporlar\u0131"},"content":{"rendered":"<p>Denizli B\u00fcy\u00fck\u015fehir Belediyesi, vatanda\u015flar\u0131 sa\u011fl\u0131kl\u0131 ya\u015fam ve sporla bulu\u015fturmak amac\u0131yla \u00fccretsiz sabah sporlar\u0131 etkinliklerini ba\u015flat\u0131yor. Her hafta Cumartesi ve Pazar g\u00fcnleri saat 08.00-09.00 aras\u0131nda d\u00fczenlenecek etkinlikler, kentin d\u00f6rt farkl\u0131 noktas\u0131nda ger\u00e7ekle\u015ftirilecek.<\/p>\n<p>Sabah sporu yapmak isteyen Denizlililer i\u00e7in belirlenen alanlar: Albayrak Geleneksel Spor Oyunlar\u0131 Kompleksi,  \u0130ncilip\u0131nar Park\u0131 \/ \u0130ncilip\u0131nar Kapal\u0131 Y\u00fczme Havuzu Yan\u0131, Yeni\u015fehir Y\u00fcr\u00fcy\u00fc\u015f Yolu \/ MKM \u00f6n\u00fc ve \u00c7aml\u0131k Park\u0131 \/ G\u00f6let Alt\u0131\u2019nda her ya\u015ftan vatanda\u015f  sabah sporlar\u0131na kat\u0131larak g\u00fcne enerjik bir ba\u015flang\u0131\u00e7 yapacak.<\/p>\n<p>Ba\u015fkan \u00c7avu\u015fo\u011flu\u2019ndan davet<br \/>\n<br \/>Denizli B\u00fcy\u00fck\u015fehir Belediye Ba\u015fkan\u0131 B\u00fclent Nuri \u00c7avu\u015fo\u011flu, vatanda\u015flar\u0131 bu etkinliklere kat\u0131larak g\u00fcne enerjik ba\u015flamaya davet etti. Ba\u015fkan \u00c7avu\u015fo\u011flu, d\u00fczenlenen etkinliklerin Denizli\u2019de spor k\u00fclt\u00fcr\u00fcn\u00fc yayg\u0131nla\u015ft\u0131rmay\u0131 ama\u00e7lad\u0131\u011f\u0131n\u0131 belirterek, sa\u011fl\u0131kl\u0131 bir ya\u015fam i\u00e7in herkesi sabah sporlar\u0131na kat\u0131lmaya \u00e7a\u011f\u0131rd\u0131. Her ya\u015ftan vatanda\u015f\u0131n kat\u0131l\u0131m\u0131na a\u00e7\u0131k olan \u00fccretsiz sabah sporlar\u0131, uzman e\u011fitmenler e\u015fli\u011finde ger\u00e7ekle\u015ftirilecek.<br \/><\/p>\n","protected":false},"excerpt":{"rendered":"<p>Denizli B\u00fcy\u00fck\u015fehir Belediyesi, vatanda\u015flar\u0131 sa\u011fl\u0131kl\u0131 ya\u015fam ve sporla bulu\u015fturmak amac\u0131yla \u00fccretsiz sabah sporlar\u0131 etkinliklerini ba\u015flat\u0131yor. Her hafta Cumartesi ve Pazar g\u00fcnleri saat 08.00-09.00 aras\u0131nda d\u00fczenlenecek etkinlikler, kentin d\u00f6rt farkl\u0131 noktas\u0131nda ger\u00e7ekle\u015ftirilecek. Sabah sporu yapmak isteyen Denizlililer i\u00e7in belirlenen alanlar: Albayrak Geleneksel Spor Oyunlar\u0131 Kompleksi, \u0130ncilip\u0131nar Park\u0131 \/ \u0130ncilip\u0131nar Kapal\u0131 Y\u00fczme Havuzu Yan\u0131, Yeni\u015fehir Y\u00fcr\u00fcy\u00fc\u015f Yolu&#8230;<\/p>\n","protected":false},"author":1,"featured_media":15521,"comment_status":"open","ping_status":"open","sticky":false,"template":"","format":"standard","meta":{"_crdt_document":"","footnotes":""},"categories":[4],"tags":[],"class_list":["post-15520","post","type-post","status-publish","format-standard","has-post-thumbnail","hentry","category-spor"],"_links":{"self":[{"href":"https:\/\/www.egemtv.com\/index.php?rest_route=\/wp\/v2\/posts\/15520","targetHints":{"allow":["GET"]}}],"collection":[{"href":"https:\/\/www.egemtv.com\/index.php?rest_route=\/wp\/v2\/posts"}],"about":[{"href":"https:\/\/www.egemtv.com\/index.php?rest_route=\/wp\/v2\/types\/post"}],"author":[{"embeddable":true,"href":"https:\/\/www.egemtv.com\/index.php?rest_route=\/wp\/v2\/users\/1"}],"replies":[{"embeddable":true,"href":"https:\/\/www.egemtv.com\/index.php?rest_route=%2Fwp%2Fv2%2Fcomments&post=15520"}],"version-history":[{"count":1,"href":"https:\/\/www.egemtv.com\/index.php?rest_route=\/wp\/v2\/posts\/15520\/revisions"}],"predecessor-version":[{"id":15529,"href":"https:\/\/www.egemtv.com\/index.php?rest_route=\/wp\/v2\/posts\/15520\/revisions\/15529"}],"wp:featuredmedia":[{"embeddable":true,"href":"https:\/\/www.egemtv.com\/index.php?rest_route=\/wp\/v2\/media\/15521"}],"wp:attachment":[{"href":"https:\/\/www.egemtv.com\/index.php?rest_route=%2Fwp%2Fv2%2Fmedia&parent=15520"}],"wp:term":[{"taxonomy":"category","embeddable":true,"href":"https:\/\/www.egemtv.com\/index.php?rest_route=%2Fwp%2Fv2%2Fcategories&post=15520"},{"taxonomy":"post_tag","embeddable":true,"href":"https:\/\/www.egemtv.com\/index.php?rest_route=%2Fwp%2Fv2%2Ftags&post=15520"}],"curies":[{"name":"wp","href":"https:\/\/api.w.org\/{rel}","templated":true}]}}