{"id":15507,"date":"2025-02-05T09:23:27","date_gmt":"2025-02-05T06:23:27","guid":{"rendered":"https:\/\/www.egemtv.com\/?p=15507"},"modified":"2025-02-05T09:23:32","modified_gmt":"2025-02-05T06:23:32","slug":"koycegizdeki-masa-tenisi-ligi-odul-toreni-ile-sona-erdi-2","status":"publish","type":"post","link":"https:\/\/www.egemtv.com\/?p=15507","title":{"rendered":"K\u00f6yce\u011fiz\u2019deki Masa Tenisi Ligi \u00f6d\u00fcl t\u00f6reni ile sona erdi"},"content":{"rendered":"<p>Mu\u011fla\u2019n\u0131n K\u00f6yce\u011fiz Spor Kul\u00fcb\u00fc 2. Ferdi Masa Tenisi Ligi zevkli ve heyecanl\u0131 m\u00fcsabakalar ile sona erdi.<\/p>\n<p>7 ligden olu\u015fan ve 180 sporcu aras\u0131nda ge\u00e7en kar\u015f\u0131la\u015fmalar K\u00f6yce\u011fiz Kapal\u0131 Spor Salonu\u2019nda ger\u00e7ekle\u015fti. M\u00fcsabakalar sonunda, S\u00fcperlig \u015fampiyonu Ali Eren, \u0130kinci Mesut Barkale, \u00dc\u00e7\u00fcnc\u00fc Tulgan Aksoy, 1. Lig \u015eampiyonu G\u00fcrhan G\u00fcnd\u00fcz, \u0130kinci H\u00fcseyin Avc\u0131, \u00dc\u00e7\u00fcnc\u00fc Engin Yaz\u0131ta\u015f, 2.Lig \u015eampiyonu \u0130sa Eren, \u0130kinci Emre Erkli, \u00dc\u00e7\u00fcnc\u00fc Mustafa \u00d6zta\u015f, 3.Lig \u015eampiyonu Eren Y\u00fcksel, \u0130kinci Murat Alada\u011f, \u00dc\u00e7\u00fcnc\u00fc Deniz Din\u00e7er, 4.Lig \u015eampiyonu H\u00fcseyin Pirlibeylio\u011flu, \u0130kinci Hamza Burak Abac\u0131, \u00dc\u00e7\u00fcnc\u00fc Ali Nizamo\u011flu, 5.Lig \u015eampiyonu Hakan K\u00f6m\u00fcrc\u00fc, \u0130kinci Erol Bayrak\u00e7\u0131, \u00dc\u00e7\u00fcnc\u00fc Tezcan Ay, 6.Lig \u015eampiyonu Hakan Parlak, \u0130kinci Arzu Kalafato\u011flu, \u00dc\u00e7\u00fcnc\u00fc Ahmet Eren Maral oldu.<\/p>\n<p>Sporculara kupa ve madalyalar\u0131 t\u00f6rene kat\u0131lan protokol taraf\u0131ndan takdim edildi.<\/p>\n<p>K\u00f6yce\u011fizspor Kul\u00fcb\u00fc Ba\u015fkan\u0131 Tarkan \u00d6zt\u00fcrk; &#8220;Derece alan t\u00fcm sporcular\u0131 kutlar\u0131z. T\u00fcrkiye\u2019nin bir\u00e7ok b\u00f6lgesinden ligimize kat\u0131larak destek ve renk veren t\u00fcm sporculara, organizasyonun d\u00fczenlenmesinde eme\u011fi ge\u00e7en herkese te\u015fekk\u00fcr ederiz&#8221; dedi.<br \/><\/p>\n","protected":false},"excerpt":{"rendered":"<p>Mu\u011fla\u2019n\u0131n K\u00f6yce\u011fiz Spor Kul\u00fcb\u00fc 2. Ferdi Masa Tenisi Ligi zevkli ve heyecanl\u0131 m\u00fcsabakalar ile sona erdi. 7 ligden olu\u015fan ve 180 sporcu aras\u0131nda ge\u00e7en kar\u015f\u0131la\u015fmalar K\u00f6yce\u011fiz Kapal\u0131 Spor Salonu\u2019nda ger\u00e7ekle\u015fti. M\u00fcsabakalar sonunda, S\u00fcperlig \u015fampiyonu Ali Eren, \u0130kinci Mesut Barkale, \u00dc\u00e7\u00fcnc\u00fc Tulgan Aksoy, 1. Lig \u015eampiyonu G\u00fcrhan G\u00fcnd\u00fcz, \u0130kinci H\u00fcseyin Avc\u0131, \u00dc\u00e7\u00fcnc\u00fc Engin Yaz\u0131ta\u015f, 2.Lig \u015eampiyonu&#8230;<\/p>\n","protected":false},"author":1,"featured_media":15509,"comment_status":"open","ping_status":"open","sticky":false,"template":"","format":"standard","meta":{"_crdt_document":"","footnotes":""},"categories":[4],"tags":[],"class_list":["post-15507","post","type-post","status-publish","format-standard","has-post-thumbnail","hentry","category-spor"],"_links":{"self":[{"href":"https:\/\/www.egemtv.com\/index.php?rest_route=\/wp\/v2\/posts\/15507","targetHints":{"allow":["GET"]}}],"collection":[{"href":"https:\/\/www.egemtv.com\/index.php?rest_route=\/wp\/v2\/posts"}],"about":[{"href":"https:\/\/www.egemtv.com\/index.php?rest_route=\/wp\/v2\/types\/post"}],"author":[{"embeddable":true,"href":"https:\/\/www.egemtv.com\/index.php?rest_route=\/wp\/v2\/users\/1"}],"replies":[{"embeddable":true,"href":"https:\/\/www.egemtv.com\/index.php?rest_route=%2Fwp%2Fv2%2Fcomments&post=15507"}],"version-history":[{"count":1,"href":"https:\/\/www.egemtv.com\/index.php?rest_route=\/wp\/v2\/posts\/15507\/revisions"}],"predecessor-version":[{"id":15511,"href":"https:\/\/www.egemtv.com\/index.php?rest_route=\/wp\/v2\/posts\/15507\/revisions\/15511"}],"wp:featuredmedia":[{"embeddable":true,"href":"https:\/\/www.egemtv.com\/index.php?rest_route=\/wp\/v2\/media\/15509"}],"wp:attachment":[{"href":"https:\/\/www.egemtv.com\/index.php?rest_route=%2Fwp%2Fv2%2Fmedia&parent=15507"}],"wp:term":[{"taxonomy":"category","embeddable":true,"href":"https:\/\/www.egemtv.com\/index.php?rest_route=%2Fwp%2Fv2%2Fcategories&post=15507"},{"taxonomy":"post_tag","embeddable":true,"href":"https:\/\/www.egemtv.com\/index.php?rest_route=%2Fwp%2Fv2%2Ftags&post=15507"}],"curies":[{"name":"wp","href":"https:\/\/api.w.org\/{rel}","templated":true}]}}