{"id":15503,"date":"2025-02-05T09:23:21","date_gmt":"2025-02-05T06:23:21","guid":{"rendered":"https:\/\/www.egemtv.com\/?p=15503"},"modified":"2025-02-05T09:23:26","modified_gmt":"2025-02-05T06:23:26","slug":"kusadasi-belediyesi-ilce-genelinde-temizlik-calismalarina-devam-ediyor","status":"publish","type":"post","link":"https:\/\/www.egemtv.com\/?p=15503","title":{"rendered":"Ku\u015fadas\u0131 Belediyesi il\u00e7e genelinde temizlik \u00e7al\u0131\u015fmalar\u0131na devam ediyor"},"content":{"rendered":"<p>Ku\u015fadas\u0131 Belediyesi\u2019nin il\u00e7enin 23 mahallesinde ba\u015flatt\u0131\u011f\u0131 temizlik ve hizmet seferberli\u011fi t\u00fcm h\u0131z\u0131yla devam ediyor. Bu kapsamda farkl\u0131 b\u00f6lgelerde y\u00fcr\u00fct\u00fclen detayl\u0131 temizlik, yol tamirat\u0131, ot bi\u00e7me ve budama \u00e7al\u0131\u015fmalar\u0131 vatanda\u015flar\u0131n be\u011fenisini kazan\u0131yor.<\/p>\n<p>Ba\u015fkan \u00d6mer G\u00fcnel\u2019in g\u00f6reve gelmesinin ard\u0131ndan her mahalleye e\u015fit ve kaliteli hizmet g\u00f6t\u00fcrmek i\u00e7in t\u00fcm imk\u00e2nlar\u0131n\u0131 kullanan Ku\u015fadas\u0131 Belediyesi\u2019nin saha ekipleri, So\u011fucak\u2019tan sonra bu kez de \u00e7al\u0131\u015fmalar\u0131n\u0131 kent merkezine yo\u011funla\u015ft\u0131rd\u0131. Bu kapsamda K\u0131smet Otel Kav\u015fa\u011f\u0131\u2019ndan G\u00fcvercinada Kalesi\u2019ne kadar olan alanda Temizlik \u0130\u015fleri M\u00fcd\u00fcrl\u00fc\u011f\u00fc, Fen \u0130\u015fleri M\u00fcd\u00fcrl\u00fc\u011f\u00fc ile Park ve Bah\u00e7eler M\u00fcd\u00fcrl\u00fc\u011f\u00fc ekipleri taraf\u0131ndan g\u00fcn boyunca detayl\u0131 temizlik, a\u011fa\u00e7 budama, ot bi\u00e7me ile yol tamirat\u0131 \u00e7al\u0131\u015fmas\u0131 y\u00fcr\u00fct\u00fcld\u00fc. Ayr\u0131ca ila\u00e7lama ekibi de yer alt\u0131 ve yer \u00fcst\u00fc \u00e7\u00f6p konteynerlerini k\u00f6p\u00fckl\u00fc suyla y\u0131kayarak kir ve kokudan ar\u0131nd\u0131rd\u0131. Belirlenen program dahilinde devam edecek olan \u00e7al\u0131\u015fmalar\u0131 memnuniyetle kar\u015f\u0131layan Ku\u015fadal\u0131lar, Ba\u015fkan \u00d6mer G\u00fcnel\u2019e te\u015fekk\u00fcr etti.<\/p>\n<p>Uzun y\u0131llard\u0131r Ege Mahallesi\u2019nde oturan Ener Aky\u00fcz, Ku\u015fadas\u0131\u2019n\u0131n y\u0131l\u0131n her mevsiminde temiz ve bak\u0131ml\u0131 bir kent oldu\u011funu s\u00f6yledi. Ba\u015fkan \u00d6mer G\u00fcnel\u2019le birlikte kentin \u00e7ehresinin tamamen de\u011fi\u015fti\u011fini ifade eden Aky\u00fcz, &#8220;Belediyenin el atmad\u0131\u011f\u0131 sorun hemen hemen yok. Ben sadece bahar d\u00f6neminde Ku\u015fadas\u0131\u2019na daha fazla \u00e7i\u00e7ek dikilmesini istiyorum&#8221; dedi.<\/p>\n<p>Emekli olduktan sonra Ku\u015fadas\u0131\u2019na yerle\u015fen \u0130skender Co\u015fkun ise, &#8220;Ben park ve sokaklarda ger\u00e7ekle\u015ftirilen temizlik ve bak\u0131m \u00e7al\u0131\u015fmalar\u0131 ile alt ve \u00fcstyap\u0131 yat\u0131r\u0131mlar\u0131n\u0131n yan\u0131 s\u0131ra \u00f6zellikle Adal\u0131 Kart hizmetine hayran kald\u0131m. Adal\u0131 Kart indirimlerinin ARYA A.\u015e d\u0131\u015f\u0131nda di\u011fer i\u015fletmelerde de yayg\u0131nla\u015ft\u0131r\u0131lmas\u0131 bizi \u00e7ok mutlu etti&#8221; diye konu\u015ftu.<\/p>\n<p>Taksici esnaf\u0131 Hamdi Polat da, &#8220;Biz Park ve Bah\u00e7eler M\u00fcd\u00fcrl\u00fc\u011f\u00fc ekiplerinin \u00e7al\u0131\u015fmalar\u0131n\u0131 \u00e7ok takdir ediyoruz. Ku\u015fadas\u0131\u2019n\u0131 ye\u015fil bir kent haline getirdiler. Yaz d\u00f6neminde yerli ve yabanc\u0131 turistler Ku\u015fadas\u0131\u2019n\u0131 ziyarete geldiklerinde \u00e7ok be\u011feniyorlar. Bu da bizim i\u015flerimizin daha da yo\u011funla\u015fmas\u0131n\u0131 sa\u011fl\u0131yor. \u00c7\u00fcnk\u00fc bir kent ne kadar \u00e7ok estetik ve modern ise o kadar \u00e7ok turist \u00e7eker&#8221; dedi.<br \/><\/p>\n","protected":false},"excerpt":{"rendered":"<p>Ku\u015fadas\u0131 Belediyesi\u2019nin il\u00e7enin 23 mahallesinde ba\u015flatt\u0131\u011f\u0131 temizlik ve hizmet seferberli\u011fi t\u00fcm h\u0131z\u0131yla devam ediyor. Bu kapsamda farkl\u0131 b\u00f6lgelerde y\u00fcr\u00fct\u00fclen detayl\u0131 temizlik, yol tamirat\u0131, ot bi\u00e7me ve budama \u00e7al\u0131\u015fmalar\u0131 vatanda\u015flar\u0131n be\u011fenisini kazan\u0131yor. Ba\u015fkan \u00d6mer G\u00fcnel\u2019in g\u00f6reve gelmesinin ard\u0131ndan her mahalleye e\u015fit ve kaliteli hizmet g\u00f6t\u00fcrmek i\u00e7in t\u00fcm imk\u00e2nlar\u0131n\u0131 kullanan Ku\u015fadas\u0131 Belediyesi\u2019nin saha ekipleri, So\u011fucak\u2019tan sonra bu&#8230;<\/p>\n","protected":false},"author":1,"featured_media":15504,"comment_status":"open","ping_status":"open","sticky":false,"template":"","format":"standard","meta":{"_crdt_document":"","footnotes":""},"categories":[1],"tags":[],"class_list":["post-15503","post","type-post","status-publish","format-standard","has-post-thumbnail","hentry","category-guncel"],"_links":{"self":[{"href":"https:\/\/www.egemtv.com\/index.php?rest_route=\/wp\/v2\/posts\/15503","targetHints":{"allow":["GET"]}}],"collection":[{"href":"https:\/\/www.egemtv.com\/index.php?rest_route=\/wp\/v2\/posts"}],"about":[{"href":"https:\/\/www.egemtv.com\/index.php?rest_route=\/wp\/v2\/types\/post"}],"author":[{"embeddable":true,"href":"https:\/\/www.egemtv.com\/index.php?rest_route=\/wp\/v2\/users\/1"}],"replies":[{"embeddable":true,"href":"https:\/\/www.egemtv.com\/index.php?rest_route=%2Fwp%2Fv2%2Fcomments&post=15503"}],"version-history":[{"count":1,"href":"https:\/\/www.egemtv.com\/index.php?rest_route=\/wp\/v2\/posts\/15503\/revisions"}],"predecessor-version":[{"id":15505,"href":"https:\/\/www.egemtv.com\/index.php?rest_route=\/wp\/v2\/posts\/15503\/revisions\/15505"}],"wp:featuredmedia":[{"embeddable":true,"href":"https:\/\/www.egemtv.com\/index.php?rest_route=\/wp\/v2\/media\/15504"}],"wp:attachment":[{"href":"https:\/\/www.egemtv.com\/index.php?rest_route=%2Fwp%2Fv2%2Fmedia&parent=15503"}],"wp:term":[{"taxonomy":"category","embeddable":true,"href":"https:\/\/www.egemtv.com\/index.php?rest_route=%2Fwp%2Fv2%2Fcategories&post=15503"},{"taxonomy":"post_tag","embeddable":true,"href":"https:\/\/www.egemtv.com\/index.php?rest_route=%2Fwp%2Fv2%2Ftags&post=15503"}],"curies":[{"name":"wp","href":"https:\/\/api.w.org\/{rel}","templated":true}]}}