{"id":15497,"date":"2025-02-05T09:04:04","date_gmt":"2025-02-05T06:04:04","guid":{"rendered":"https:\/\/www.egemtv.com\/?p=15497"},"modified":"2025-02-05T09:04:10","modified_gmt":"2025-02-05T06:04:10","slug":"denizli-buyuksehir-buldan-sehir-kabristanligina-el-atti","status":"publish","type":"post","link":"https:\/\/www.egemtv.com\/?p=15497","title":{"rendered":"Denizli B\u00fcy\u00fck\u015fehir, Buldan \u015eehir Kabristanl\u0131\u011f\u0131na el att\u0131"},"content":{"rendered":"<p>Denizli B\u00fcy\u00fck\u015fehir Belediyesi, Buldan il\u00e7esinde bulunan \u015fehir kabristan\u0131nda temizlik \u00e7al\u0131\u015fmas\u0131 yapt\u0131. Ekipler taraf\u0131ndan yap\u0131lan \u00e7al\u0131\u015fmalarda, kuru yaprak ve \u00e7\u00f6pler temizlerken, a\u011fa\u00e7larda budama \u00e7al\u0131\u015fmas\u0131n\u0131 ger\u00e7ekle\u015ftirdi.<\/p>\n<p>Denizli B\u00fcy\u00fck\u015fehir Belediyesi \u00e7evre temizli\u011fi konusunda \u00e7al\u0131\u015fmalar\u0131n\u0131 h\u0131z kesmeden devam ediyor. Denizli B\u00fcy\u00fck\u015fehir Belediyesi, Buldan il\u00e7esindeki \u015eehir Kabristan\u0131\u2019nda temizlik ve bak\u0131m \u00e7al\u0131\u015fmas\u0131 ger\u00e7ekle\u015ftirdi. Belediye ekipleri, kabristanda yer alan a\u011fa\u00e7lardan d\u00f6k\u00fclen kuru yapraklar\u0131 toplayarak \u00e7evre d\u00fczenlemesi yapt\u0131. Ayn\u0131 zamanda a\u011fa\u00e7lar\u0131n kuru dallar\u0131n\u0131 budayarak, kabristan\u0131n g\u00f6r\u00fcn\u00fcm\u00fcn\u00fc iyile\u015ftirdi. Denizli B\u00fcy\u00fck\u015fehir Belediyesi, kabristanlar\u0131n bak\u0131m\u0131n\u0131 \u00f6nemseyerek \u00e7evre d\u00fczenlemesi konusunda titiz \u00e7al\u0131\u015fmalar\u0131na devam ediyor.<br \/><\/p>\n","protected":false},"excerpt":{"rendered":"<p>Denizli B\u00fcy\u00fck\u015fehir Belediyesi, Buldan il\u00e7esinde bulunan \u015fehir kabristan\u0131nda temizlik \u00e7al\u0131\u015fmas\u0131 yapt\u0131. Ekipler taraf\u0131ndan yap\u0131lan \u00e7al\u0131\u015fmalarda, kuru yaprak ve \u00e7\u00f6pler temizlerken, a\u011fa\u00e7larda budama \u00e7al\u0131\u015fmas\u0131n\u0131 ger\u00e7ekle\u015ftirdi. Denizli B\u00fcy\u00fck\u015fehir Belediyesi \u00e7evre temizli\u011fi konusunda \u00e7al\u0131\u015fmalar\u0131n\u0131 h\u0131z kesmeden devam ediyor. Denizli B\u00fcy\u00fck\u015fehir Belediyesi, Buldan il\u00e7esindeki \u015eehir Kabristan\u0131\u2019nda temizlik ve bak\u0131m \u00e7al\u0131\u015fmas\u0131 ger\u00e7ekle\u015ftirdi. Belediye ekipleri, kabristanda yer alan a\u011fa\u00e7lardan d\u00f6k\u00fclen kuru&#8230;<\/p>\n","protected":false},"author":1,"featured_media":15498,"comment_status":"open","ping_status":"open","sticky":false,"template":"","format":"standard","meta":{"_crdt_document":"","footnotes":""},"categories":[1],"tags":[],"class_list":["post-15497","post","type-post","status-publish","format-standard","has-post-thumbnail","hentry","category-guncel"],"_links":{"self":[{"href":"https:\/\/www.egemtv.com\/index.php?rest_route=\/wp\/v2\/posts\/15497","targetHints":{"allow":["GET"]}}],"collection":[{"href":"https:\/\/www.egemtv.com\/index.php?rest_route=\/wp\/v2\/posts"}],"about":[{"href":"https:\/\/www.egemtv.com\/index.php?rest_route=\/wp\/v2\/types\/post"}],"author":[{"embeddable":true,"href":"https:\/\/www.egemtv.com\/index.php?rest_route=\/wp\/v2\/users\/1"}],"replies":[{"embeddable":true,"href":"https:\/\/www.egemtv.com\/index.php?rest_route=%2Fwp%2Fv2%2Fcomments&post=15497"}],"version-history":[{"count":1,"href":"https:\/\/www.egemtv.com\/index.php?rest_route=\/wp\/v2\/posts\/15497\/revisions"}],"predecessor-version":[{"id":15499,"href":"https:\/\/www.egemtv.com\/index.php?rest_route=\/wp\/v2\/posts\/15497\/revisions\/15499"}],"wp:featuredmedia":[{"embeddable":true,"href":"https:\/\/www.egemtv.com\/index.php?rest_route=\/wp\/v2\/media\/15498"}],"wp:attachment":[{"href":"https:\/\/www.egemtv.com\/index.php?rest_route=%2Fwp%2Fv2%2Fmedia&parent=15497"}],"wp:term":[{"taxonomy":"category","embeddable":true,"href":"https:\/\/www.egemtv.com\/index.php?rest_route=%2Fwp%2Fv2%2Fcategories&post=15497"},{"taxonomy":"post_tag","embeddable":true,"href":"https:\/\/www.egemtv.com\/index.php?rest_route=%2Fwp%2Fv2%2Ftags&post=15497"}],"curies":[{"name":"wp","href":"https:\/\/api.w.org\/{rel}","templated":true}]}}