{"id":15494,"date":"2025-02-05T09:00:50","date_gmt":"2025-02-05T06:00:50","guid":{"rendered":"https:\/\/www.egemtv.com\/?p=15494"},"modified":"2025-02-05T09:00:55","modified_gmt":"2025-02-05T06:00:55","slug":"bozkurt-belediyesinden-kizilaya-kan-bagisi","status":"publish","type":"post","link":"https:\/\/www.egemtv.com\/?p=15494","title":{"rendered":"Bozkurt Belediyesinden K\u0131z\u0131lay\u2019a kan ba\u011f\u0131\u015f\u0131"},"content":{"rendered":"<p>Bozkurt Belediyesi personeli K\u0131z\u0131lay\u2019a kan ba\u011f\u0131\u015f\u0131nda bulundu.<br \/>\n<br \/>Kan ba\u011f\u0131\u015f\u0131n\u0131n azalmas\u0131yla hem vatanda\u015f\u0131 kan vermeye y\u00f6nlendirmek hem de vatanda\u015flar\u0131n kan ihtiyac\u0131n\u0131 bir nebze olsun hafifletmek amac\u0131yla Bozkurt Belediye binas\u0131 bah\u00e7esine a\u00e7\u0131lan K\u0131z\u0131lay mobil kan ba\u011f\u0131\u015f\u0131 arac\u0131nda Bozkurt Belediye Ba\u015fkan\u0131 Birsen \u00c7elik, belediye personeli ve vatanda\u015flar kan ba\u011f\u0131\u015f\u0131nda bulundu. Bozkurt Belediye Ba\u015fkan\u0131 yapt\u0131\u011f\u0131 payla\u015f\u0131mda &#8220;Kan ba\u011f\u0131\u015f\u0131 hayat kurtar\u0131r&#8221; ifadesini kulland\u0131.<br \/><\/p>\n","protected":false},"excerpt":{"rendered":"<p>Bozkurt Belediyesi personeli K\u0131z\u0131lay\u2019a kan ba\u011f\u0131\u015f\u0131nda bulundu. Kan ba\u011f\u0131\u015f\u0131n\u0131n azalmas\u0131yla hem vatanda\u015f\u0131 kan vermeye y\u00f6nlendirmek hem de vatanda\u015flar\u0131n kan ihtiyac\u0131n\u0131 bir nebze olsun hafifletmek amac\u0131yla Bozkurt Belediye binas\u0131 bah\u00e7esine a\u00e7\u0131lan K\u0131z\u0131lay mobil kan ba\u011f\u0131\u015f\u0131 arac\u0131nda Bozkurt Belediye Ba\u015fkan\u0131 Birsen \u00c7elik, belediye personeli ve vatanda\u015flar kan ba\u011f\u0131\u015f\u0131nda bulundu. Bozkurt Belediye Ba\u015fkan\u0131 yapt\u0131\u011f\u0131 payla\u015f\u0131mda &#8220;Kan ba\u011f\u0131\u015f\u0131 hayat&#8230;<\/p>\n","protected":false},"author":1,"featured_media":15495,"comment_status":"open","ping_status":"open","sticky":false,"template":"","format":"standard","meta":{"_crdt_document":"","footnotes":""},"categories":[2],"tags":[],"class_list":["post-15494","post","type-post","status-publish","format-standard","has-post-thumbnail","hentry","category-saglik"],"_links":{"self":[{"href":"https:\/\/www.egemtv.com\/index.php?rest_route=\/wp\/v2\/posts\/15494","targetHints":{"allow":["GET"]}}],"collection":[{"href":"https:\/\/www.egemtv.com\/index.php?rest_route=\/wp\/v2\/posts"}],"about":[{"href":"https:\/\/www.egemtv.com\/index.php?rest_route=\/wp\/v2\/types\/post"}],"author":[{"embeddable":true,"href":"https:\/\/www.egemtv.com\/index.php?rest_route=\/wp\/v2\/users\/1"}],"replies":[{"embeddable":true,"href":"https:\/\/www.egemtv.com\/index.php?rest_route=%2Fwp%2Fv2%2Fcomments&post=15494"}],"version-history":[{"count":1,"href":"https:\/\/www.egemtv.com\/index.php?rest_route=\/wp\/v2\/posts\/15494\/revisions"}],"predecessor-version":[{"id":15496,"href":"https:\/\/www.egemtv.com\/index.php?rest_route=\/wp\/v2\/posts\/15494\/revisions\/15496"}],"wp:featuredmedia":[{"embeddable":true,"href":"https:\/\/www.egemtv.com\/index.php?rest_route=\/wp\/v2\/media\/15495"}],"wp:attachment":[{"href":"https:\/\/www.egemtv.com\/index.php?rest_route=%2Fwp%2Fv2%2Fmedia&parent=15494"}],"wp:term":[{"taxonomy":"category","embeddable":true,"href":"https:\/\/www.egemtv.com\/index.php?rest_route=%2Fwp%2Fv2%2Fcategories&post=15494"},{"taxonomy":"post_tag","embeddable":true,"href":"https:\/\/www.egemtv.com\/index.php?rest_route=%2Fwp%2Fv2%2Ftags&post=15494"}],"curies":[{"name":"wp","href":"https:\/\/api.w.org\/{rel}","templated":true}]}}