{"id":15491,"date":"2025-02-04T23:20:38","date_gmt":"2025-02-04T20:20:38","guid":{"rendered":"https:\/\/www.egemtv.com\/?p=15491"},"modified":"2025-02-04T23:20:44","modified_gmt":"2025-02-04T20:20:44","slug":"afyonkarahisarda-beklenen-kar-yagisi-basladi","status":"publish","type":"post","link":"https:\/\/www.egemtv.com\/?p=15491","title":{"rendered":"Afyonkarahisar\u2019da beklenen kar ya\u011f\u0131\u015f\u0131 ba\u015flad\u0131"},"content":{"rendered":"<p>Afyonkarahisar\u2019da beklenen kar ya\u011f\u0131\u015f\u0131 ak\u015fam saatlerinde ba\u015flarken, ya\u011f\u0131\u015f kent merkeziyle birlikte il\u00e7elerde etkisini g\u00f6sterdi.<br \/>\n<br \/>Meteorolojinin uyar\u0131lar\u0131 sonras\u0131 kentte beklenen  ya\u011f\u0131\u015f ak\u015fam saatlerinde karla kar\u0131\u015f\u0131k ya\u011fmur \u015feklinde ba\u015flad\u0131. \u0130lerleyen saatlerde ise ya\u011f\u0131\u015f yerini kara b\u0131rakt\u0131. Kar ya\u011f\u0131\u015f\u0131 kent merkeziyle birlikte \u015euhut il\u00e7esi ba\u015fta olmak \u00fczere bir\u00e7ok b\u00f6lgede etkili oldu. Meteorolojiden al\u0131nan verilere g\u00f6re ya\u011f\u0131\u015f\u0131n sabaha kadar aral\u0131klarla devam etmesi bekleniyor.<br \/><\/p>\n","protected":false},"excerpt":{"rendered":"<p>Afyonkarahisar\u2019da beklenen kar ya\u011f\u0131\u015f\u0131 ak\u015fam saatlerinde ba\u015flarken, ya\u011f\u0131\u015f kent merkeziyle birlikte il\u00e7elerde etkisini g\u00f6sterdi. Meteorolojinin uyar\u0131lar\u0131 sonras\u0131 kentte beklenen ya\u011f\u0131\u015f ak\u015fam saatlerinde karla kar\u0131\u015f\u0131k ya\u011fmur \u015feklinde ba\u015flad\u0131. \u0130lerleyen saatlerde ise ya\u011f\u0131\u015f yerini kara b\u0131rakt\u0131. Kar ya\u011f\u0131\u015f\u0131 kent merkeziyle birlikte \u015euhut il\u00e7esi ba\u015fta olmak \u00fczere bir\u00e7ok b\u00f6lgede etkili oldu. Meteorolojiden al\u0131nan verilere g\u00f6re ya\u011f\u0131\u015f\u0131n sabaha kadar&#8230;<\/p>\n","protected":false},"author":1,"featured_media":15492,"comment_status":"open","ping_status":"open","sticky":false,"template":"","format":"standard","meta":{"_crdt_document":"","footnotes":""},"categories":[1],"tags":[],"class_list":["post-15491","post","type-post","status-publish","format-standard","has-post-thumbnail","hentry","category-guncel"],"_links":{"self":[{"href":"https:\/\/www.egemtv.com\/index.php?rest_route=\/wp\/v2\/posts\/15491","targetHints":{"allow":["GET"]}}],"collection":[{"href":"https:\/\/www.egemtv.com\/index.php?rest_route=\/wp\/v2\/posts"}],"about":[{"href":"https:\/\/www.egemtv.com\/index.php?rest_route=\/wp\/v2\/types\/post"}],"author":[{"embeddable":true,"href":"https:\/\/www.egemtv.com\/index.php?rest_route=\/wp\/v2\/users\/1"}],"replies":[{"embeddable":true,"href":"https:\/\/www.egemtv.com\/index.php?rest_route=%2Fwp%2Fv2%2Fcomments&post=15491"}],"version-history":[{"count":1,"href":"https:\/\/www.egemtv.com\/index.php?rest_route=\/wp\/v2\/posts\/15491\/revisions"}],"predecessor-version":[{"id":15493,"href":"https:\/\/www.egemtv.com\/index.php?rest_route=\/wp\/v2\/posts\/15491\/revisions\/15493"}],"wp:featuredmedia":[{"embeddable":true,"href":"https:\/\/www.egemtv.com\/index.php?rest_route=\/wp\/v2\/media\/15492"}],"wp:attachment":[{"href":"https:\/\/www.egemtv.com\/index.php?rest_route=%2Fwp%2Fv2%2Fmedia&parent=15491"}],"wp:term":[{"taxonomy":"category","embeddable":true,"href":"https:\/\/www.egemtv.com\/index.php?rest_route=%2Fwp%2Fv2%2Fcategories&post=15491"},{"taxonomy":"post_tag","embeddable":true,"href":"https:\/\/www.egemtv.com\/index.php?rest_route=%2Fwp%2Fv2%2Ftags&post=15491"}],"curies":[{"name":"wp","href":"https:\/\/api.w.org\/{rel}","templated":true}]}}