{"id":15482,"date":"2025-02-04T22:40:56","date_gmt":"2025-02-04T19:40:56","guid":{"rendered":"https:\/\/www.egemtv.com\/?p=15482"},"modified":"2025-02-04T22:41:05","modified_gmt":"2025-02-04T19:41:05","slug":"baskan-zeyrek-basinin-sorularini-yanitladi","status":"publish","type":"post","link":"https:\/\/www.egemtv.com\/?p=15482","title":{"rendered":"Ba\u015fkan Zeyrek bas\u0131n\u0131n sorular\u0131n\u0131 yan\u0131tlad\u0131"},"content":{"rendered":"<p>Manisa\u2019da ayl\u0131k bas\u0131n mensuplar\u0131 toplant\u0131s\u0131nda sorular\u0131 yan\u0131tlayan Manisa B\u00fcy\u00fck\u015fehir Belediye Ba\u015fkan\u0131 Ferdi Zeyrek, imar \u00e7al\u0131\u015fmalar\u0131yla ilgili &#8220;Bir konut alan\u0131m\u0131z yok. Bu \u015fekilde sanayile\u015fen ve bunu bar\u0131nmayla ve ya sosyal hayatla destekleyemeyen bir \u015fehir ya\u015fanmaz hale gelecek&#8221; dedi.<br \/>\n<br \/>Manisa B\u00fcy\u00fck\u015fehir Belediye Ba\u015fkan\u0131 Ferdi Zeyrek ayl\u0131k bas\u0131n mensuplar\u0131 toplant\u0131s\u0131nda Manisal\u0131 gazetecilerin sorular\u0131n\u0131 yan\u0131tlad\u0131. \u0130mar durumuyla ilgili son \u00e7al\u0131\u015fmalar hakk\u0131nda sorulan soru \u00fczerine Ba\u015fkan Zeyrek, &#8220;A\u011fustos meclisimizde bir ka\u00e7 de\u011fi\u015fiklik yaparak tekrardan imar planlar\u0131n\u0131 mecliste onaylayarak ask\u0131 s\u00fcrecini ba\u015flatt\u0131k. Gelen vatanda\u015f itirazlar\u0131n\u0131 cevaplarken kurum itirazlar\u0131 da geldi. Bu kurum itirazlar\u0131ndan da \u015fehir planc\u0131lar\u0131 odas\u0131 bunu mahkemeye ta\u015f\u0131d\u0131lar. \u015eu anda adli s\u00fcre\u00e7 devam ediyor. Mahkemeyle g\u00f6r\u00fc\u015ft\u00fck. Biz bilirki\u015fi tespitlerini yaparken biz de orada olmak istiyoruz. Neden bu alanlar\u0131 a\u00e7mak istedi\u011fimizi anlatmam\u0131z gerekiyor. Reddin kar\u015f\u0131s\u0131nda \u015funu g\u00f6r\u00fcyoruz \u2018Alternatif alanlar varken bunlar\u0131 neden kullanm\u0131yorsunuz da tar\u0131m alanlar\u0131n\u0131 imara a\u00e7\u0131yorsunuz?\u2019 gibi bir savunmas\u0131 var bilirki\u015finin. Ancak alternatif alanlar\u0131n olmad\u0131\u011f\u0131n\u0131 g\u00f6r\u00fcyoruz. Bunlar\u0131 bilirki\u015filerimize anlatmam\u0131z laz\u0131m. Uzunburun ve \u00e7evresinde bir konut alan\u0131 d\u00fc\u015f\u00fcn\u00fcrken oras\u0131 art\u0131k Muradiye Organize Sanayi B\u00f6lgesine verilecek bir alana d\u00f6n\u00fc\u015ft\u00fcr\u00fcld\u00fc. Bir konut alan\u0131m\u0131z yok. Bu \u015fekilde sanayile\u015fen ve bunu bar\u0131nmayla ve ya sosyal hayatla destekleyemeyen bir \u015fehir ya\u015fanmaz hale gelecek. Bu konut alanlar\u0131 i\u00e7in bu alanlar\u0131 d\u00f6n\u00fc\u015ft\u00fcrmemiz gerekiyor&#8221; dedi.<\/p>\n<p>&#8220;14 mahalleye sand\u0131k kurulacak&#8221;<br \/>\n<br \/>Mahallelere giderek bizzat sunumlar yapaca\u011f\u0131n\u0131 ve sand\u0131k kurarak mahallelilerin hangi t\u00fcr imar plan\u0131 istediklerini, buna g\u00f6re \u00e7al\u0131\u015fmalar\u0131n \u015fekillenece\u011fini a\u00e7\u0131klayan Ba\u015fkan Zeyrek, &#8220;Bundan 10 g\u00fcn \u00f6nce 14 mahalle muhtar\u0131m\u0131z\u0131 tek tek \u00e7a\u011f\u0131rd\u0131k. Hepsiyle birlikte bizim nas\u0131l bir imar plan\u0131 uygulamas\u0131 d\u00fc\u015f\u00fcnd\u00fc\u011f\u00fcm\u00fcz konusunda kendilerini ayd\u0131nlatt\u0131k. Yerinde kalal\u0131m 5 kat olal\u0131m ve ya 3-4 parsel birle\u015felim 7 kat olal\u0131m ve ya ada \u015feklinde birle\u015felim 10 kat olal\u0131m. Bunlar\u0131n hepsinin kat planlar\u0131n\u0131 3 boyutlu \u015fekilde muhterlar\u0131m\u0131za sundum. Muhtarlar\u0131m\u0131za biz \u00f6n\u00fcm\u00fczdeki 20 \u015eubat haftas\u0131nda tek tek mahalleleri dola\u015faca\u011f\u0131z. Bizzat ben kendim giderek vatanda\u015flar\u0131m\u0131za bu sunumu yapaca\u011f\u0131z. 5 kat istersen, 7 kat istersen, 10 kat istersen bu kadar oluyor \u015feklinde sunumlar haz\u0131rlad\u0131k. Belediyenin de personelinin kontrol\u00fcnde olan sand\u0131klar kuraca\u011f\u0131z. Mahalleli ka\u00e7 kat istiyor diye soraca\u011f\u0131z. Gelen \u00e7o\u011funlu\u011fa g\u00f6re oran\u0131n imar d\u00fczenlemelerine ba\u015flayaca\u011f\u0131z. Biz bu \u00e7al\u0131\u015fmalar\u0131 yaparken adli s\u00fcre\u00e7 de davam ediyor. Tekrar y\u00fcr\u00fctmeyi durdurma gelirse biz imar plan\u0131n\u0131 5 etaba ay\u0131rd\u0131k. \u0130tiraz olan yer Ku\u015flubah\u00e7e\u2019nin arka taraf\u0131ndaki tar\u0131m alan\u0131. Oray\u0131 imar revizyon plan\u0131n\u0131n d\u0131\u015f\u0131nda b\u0131rak\u0131p daha sonra plana dahil edebiliriz. Muhtarlar\u0131m\u0131z ve belediyeyle birlikte vatanda\u015fa sorarak ka\u00e7 kat olaca\u011f\u0131n\u0131 belirleyece\u011fiz&#8221; ifadelerini kulland\u0131.<\/p>\n<p>&#8220;Bug\u00fcne kadar suda yapt\u0131\u011f\u0131m\u0131z indirimlerle Manisal\u0131 vatanda\u015flar\u0131m\u0131z\u0131n cebinde 455 milyon TL para koyduk&#8221;<br \/>\n<br \/>G\u00f6reve geldikleri g\u00fcnden bug\u00fcne kadar olan finansal \u00e7al\u0131\u015fmalar hakk\u0131nda bilgi veren Ba\u015fkan Zeyrek, &#8220;Biz geldi\u011fimizde Manisa B\u00fcy\u00fck\u015fehir Belediyesinin 2,4 milyar TL borcu vard\u0131. Bu bor\u00e7 SGK, Vergi Dairesi borcu de\u011fil cari bor\u00e7lard\u0131. Cengiz bey kendini hep \u2018Hesap adam\u0131y\u0131m\u2019 diye anlatt\u0131. Do\u011frudur. K\u00f6t\u00fc bor\u00e7lu bir belediye de\u011fildi. \u00d6denebilir bir bor\u00e7tu. Geldi\u011fimizin 45. haftas\u0131nday\u0131z. Bug\u00fcne kadar suda yapt\u0131\u011f\u0131m\u0131z indirimlerle Manisal\u0131 vatanda\u015flar\u0131m\u0131z\u0131n cebinde 455 milyon TL para koyduk. Bunun yan\u0131nda ula\u015f\u0131ma yapt\u0131\u011f\u0131m\u0131z destekle yakla\u015f\u0131k olarak her ay 40-50 milyon tl aras\u0131 vatanda\u015flar\u0131m\u0131z\u0131n ve ula\u015f\u0131m sahibi kooperatiflerimize destek oluyoruz. Bir \u00e7ok sosyal hizmetler yap\u0131yoruz. 155 bin evlad\u0131m\u0131za sabah g\u00fcnayd\u0131n \u00e7orbas\u0131 vermi\u015fiz. 300 kilometrelik dere temizlikleri, altyap\u0131 \u00e7al\u0131\u015fmalar\u0131, yol asfalt bak\u0131mlar\u0131, rutin i\u015flerle beraber borcumuzu da 2,4 milyardan TL\u2019den 1,6 milyar TL\u2019ye d\u00fc\u015f\u00fcrd\u00fck. 800 milyon TL de bor\u00e7 \u00f6dedik. Bana diyorlar ki \u2018Nas\u0131l oluyor?\u2019 sadece o hakketmedi\u011fi \u015fekilde ihale alan m\u00fcteahhitleri o rant\u00e7\u0131 zihniyeti belediyenin i\u00e7erisine sokmazsan\u0131z her ay yapt\u0131\u011f\u0131n\u0131z b\u00fct\u00fcn harcamalar\u0131 belediyenin internet sitesinden yay\u0131nlay\u0131p ihaleleri belediyenin internet sitesinden canl\u0131 yay\u0131nlarsan\u0131z bor\u00e7 da d\u00fc\u015f\u00fcyor. Ben mali disiplini her \u015feyin \u00f6n\u00fcne koyuyorum. Mali disiplin sa\u011flanmazsa belediye y\u00fcr\u00fcyemez. Mali disiplini sa\u011flamak i\u00e7in de 1,5 milyon ki\u015finin haklar\u0131n\u0131 da ba\u015f tac\u0131 yap\u0131yorum&#8221; ifadelerini kulland\u0131.<br \/><\/p>\n","protected":false},"excerpt":{"rendered":"<p>Manisa\u2019da ayl\u0131k bas\u0131n mensuplar\u0131 toplant\u0131s\u0131nda sorular\u0131 yan\u0131tlayan Manisa B\u00fcy\u00fck\u015fehir Belediye Ba\u015fkan\u0131 Ferdi Zeyrek, imar \u00e7al\u0131\u015fmalar\u0131yla ilgili &#8220;Bir konut alan\u0131m\u0131z yok. Bu \u015fekilde sanayile\u015fen ve bunu bar\u0131nmayla ve ya sosyal hayatla destekleyemeyen bir \u015fehir ya\u015fanmaz hale gelecek&#8221; dedi. Manisa B\u00fcy\u00fck\u015fehir Belediye Ba\u015fkan\u0131 Ferdi Zeyrek ayl\u0131k bas\u0131n mensuplar\u0131 toplant\u0131s\u0131nda Manisal\u0131 gazetecilerin sorular\u0131n\u0131 yan\u0131tlad\u0131. \u0130mar durumuyla ilgili son&#8230;<\/p>\n","protected":false},"author":1,"featured_media":15483,"comment_status":"open","ping_status":"open","sticky":false,"template":"","format":"standard","meta":{"_crdt_document":"","footnotes":""},"categories":[1],"tags":[],"class_list":["post-15482","post","type-post","status-publish","format-standard","has-post-thumbnail","hentry","category-guncel"],"_links":{"self":[{"href":"https:\/\/www.egemtv.com\/index.php?rest_route=\/wp\/v2\/posts\/15482","targetHints":{"allow":["GET"]}}],"collection":[{"href":"https:\/\/www.egemtv.com\/index.php?rest_route=\/wp\/v2\/posts"}],"about":[{"href":"https:\/\/www.egemtv.com\/index.php?rest_route=\/wp\/v2\/types\/post"}],"author":[{"embeddable":true,"href":"https:\/\/www.egemtv.com\/index.php?rest_route=\/wp\/v2\/users\/1"}],"replies":[{"embeddable":true,"href":"https:\/\/www.egemtv.com\/index.php?rest_route=%2Fwp%2Fv2%2Fcomments&post=15482"}],"version-history":[{"count":1,"href":"https:\/\/www.egemtv.com\/index.php?rest_route=\/wp\/v2\/posts\/15482\/revisions"}],"predecessor-version":[{"id":15484,"href":"https:\/\/www.egemtv.com\/index.php?rest_route=\/wp\/v2\/posts\/15482\/revisions\/15484"}],"wp:featuredmedia":[{"embeddable":true,"href":"https:\/\/www.egemtv.com\/index.php?rest_route=\/wp\/v2\/media\/15483"}],"wp:attachment":[{"href":"https:\/\/www.egemtv.com\/index.php?rest_route=%2Fwp%2Fv2%2Fmedia&parent=15482"}],"wp:term":[{"taxonomy":"category","embeddable":true,"href":"https:\/\/www.egemtv.com\/index.php?rest_route=%2Fwp%2Fv2%2Fcategories&post=15482"},{"taxonomy":"post_tag","embeddable":true,"href":"https:\/\/www.egemtv.com\/index.php?rest_route=%2Fwp%2Fv2%2Ftags&post=15482"}],"curies":[{"name":"wp","href":"https:\/\/api.w.org\/{rel}","templated":true}]}}