{"id":15479,"date":"2025-02-04T21:20:06","date_gmt":"2025-02-04T18:20:06","guid":{"rendered":"https:\/\/www.egemtv.com\/?p=15479"},"modified":"2025-02-04T21:20:11","modified_gmt":"2025-02-04T18:20:11","slug":"kamyonet-ile-carpisan-hafif-ticari-arac-takla-atti-3-yarali","status":"publish","type":"post","link":"https:\/\/www.egemtv.com\/?p=15479","title":{"rendered":"Kamyonet ile \u00e7arp\u0131\u015fan hafif ticari ara\u00e7 takla att\u0131: 3 yaral\u0131"},"content":{"rendered":"<p>Burdur\u2019un Tefenni il\u00e7esinde hafif ticari ara\u00e7 ile kamyonetin \u00e7arp\u0131\u015fmas\u0131 sonucu 3\u00a0ki\u015fi\u00a0yaraland\u0131.<br \/>\n<br \/>Kaza, saat 17.30 s\u0131ralar\u0131nda Burdur\u2019un Tefenni il\u00e7esi Burdur-Fethiye kara yolu Beyk\u00f6y kav\u015fa\u011f\u0131nda meydana geldi. Edinilen bilgilere g\u00f6re, Tefenni istikametinde \u00c7avd\u0131r y\u00f6n\u00fcne seyir halinde olan U\u011fur E. (46) idaresindeki 07 KB 024 plakal\u0131 Toyota marka kamyonet, Beyk\u00f6y kav\u015fa\u011f\u0131na geldi\u011fi esnada tali yoldan kav\u015fa\u011fa giren Utku E. (44) idaresindeki 06 EA 9899 plakal\u0131 hafif ticari ara\u00e7 ile \u00e7arp\u0131\u015ft\u0131. \u00c7arp\u0131\u015fman\u0131n etkisiyle savrulan hafif ticari ara\u00e7 takla atarak ters d\u00f6nd\u00fc. Kazada kamyonet s\u00fcr\u00fcc\u00fcs\u00fc U\u011fur E., hafif ticari ara\u00e7 s\u00fcr\u00fcc\u00fcs\u00fc Utku E. ve ara\u00e7ta yolcu olarak bulunan \u0130l Bilge E. (42) yaraland\u0131. \u00c7evredekilerin 112 Acil \u00c7a\u011fr\u0131 Merkezine ihbar\u0131 \u00fczerine olay yerine itfaiye, sa\u011fl\u0131k, jandarma ve polis ekipleri sevk edildi. Olay yerine gelen itfaiye ekipleri taraf\u0131ndan ara\u00e7 i\u00e7erisinden \u00e7\u0131kar\u0131lan yaral\u0131lar ambulanslar ile Burdur Devlet Hastanesi\u2019ne kald\u0131r\u0131ld\u0131. Kazaya kar\u0131\u015fan ara\u00e7lar \u00e7ekici yard\u0131m\u0131yla yoldan kald\u0131r\u0131l\u0131rken, hastanede tedavi alt\u0131nda olan yaral\u0131lar\u0131n durumlar\u0131n\u0131n iyi oldu\u011fu \u00f6\u011frenildi.<br \/><\/p>\n","protected":false},"excerpt":{"rendered":"<p>Burdur\u2019un Tefenni il\u00e7esinde hafif ticari ara\u00e7 ile kamyonetin \u00e7arp\u0131\u015fmas\u0131 sonucu 3\u00a0ki\u015fi\u00a0yaraland\u0131. Kaza, saat 17.30 s\u0131ralar\u0131nda Burdur\u2019un Tefenni il\u00e7esi Burdur-Fethiye kara yolu Beyk\u00f6y kav\u015fa\u011f\u0131nda meydana geldi. Edinilen bilgilere g\u00f6re, Tefenni istikametinde \u00c7avd\u0131r y\u00f6n\u00fcne seyir halinde olan U\u011fur E. (46) idaresindeki 07 KB 024 plakal\u0131 Toyota marka kamyonet, Beyk\u00f6y kav\u015fa\u011f\u0131na geldi\u011fi esnada tali yoldan kav\u015fa\u011fa giren Utku&#8230;<\/p>\n","protected":false},"author":1,"featured_media":15480,"comment_status":"open","ping_status":"open","sticky":false,"template":"","format":"standard","meta":{"_crdt_document":"","footnotes":""},"categories":[5],"tags":[],"class_list":["post-15479","post","type-post","status-publish","format-standard","has-post-thumbnail","hentry","category-asayis"],"_links":{"self":[{"href":"https:\/\/www.egemtv.com\/index.php?rest_route=\/wp\/v2\/posts\/15479","targetHints":{"allow":["GET"]}}],"collection":[{"href":"https:\/\/www.egemtv.com\/index.php?rest_route=\/wp\/v2\/posts"}],"about":[{"href":"https:\/\/www.egemtv.com\/index.php?rest_route=\/wp\/v2\/types\/post"}],"author":[{"embeddable":true,"href":"https:\/\/www.egemtv.com\/index.php?rest_route=\/wp\/v2\/users\/1"}],"replies":[{"embeddable":true,"href":"https:\/\/www.egemtv.com\/index.php?rest_route=%2Fwp%2Fv2%2Fcomments&post=15479"}],"version-history":[{"count":1,"href":"https:\/\/www.egemtv.com\/index.php?rest_route=\/wp\/v2\/posts\/15479\/revisions"}],"predecessor-version":[{"id":15481,"href":"https:\/\/www.egemtv.com\/index.php?rest_route=\/wp\/v2\/posts\/15479\/revisions\/15481"}],"wp:featuredmedia":[{"embeddable":true,"href":"https:\/\/www.egemtv.com\/index.php?rest_route=\/wp\/v2\/media\/15480"}],"wp:attachment":[{"href":"https:\/\/www.egemtv.com\/index.php?rest_route=%2Fwp%2Fv2%2Fmedia&parent=15479"}],"wp:term":[{"taxonomy":"category","embeddable":true,"href":"https:\/\/www.egemtv.com\/index.php?rest_route=%2Fwp%2Fv2%2Fcategories&post=15479"},{"taxonomy":"post_tag","embeddable":true,"href":"https:\/\/www.egemtv.com\/index.php?rest_route=%2Fwp%2Fv2%2Ftags&post=15479"}],"curies":[{"name":"wp","href":"https:\/\/api.w.org\/{rel}","templated":true}]}}