{"id":15476,"date":"2025-02-04T20:52:05","date_gmt":"2025-02-04T17:52:05","guid":{"rendered":"https:\/\/www.egemtv.com\/?p=15476"},"modified":"2025-02-04T20:52:09","modified_gmt":"2025-02-04T17:52:09","slug":"otomobille-carpisan-kamyon-agaca-carparak-durabildi1-yarali","status":"publish","type":"post","link":"https:\/\/www.egemtv.com\/?p=15476","title":{"rendered":"Otomobille \u00e7arp\u0131\u015fan kamyon a\u011faca \u00e7arparak durabildi:1 yaral\u0131"},"content":{"rendered":"<p>Ayd\u0131n\u2019\u0131n \u0130ncirliova il\u00e7esinde \u00f6n\u00fcndeki otomobille \u00e7arp\u0131\u015fan bir kamyon, a\u011faca \u00e7arparak durabildi. Kazada 1 ki\u015fi yaraland\u0131.<\/p>\n<p>Kaza, \u0130ncirliova il\u00e7esi K\u0131z\u0131lcak\u00f6y-Acarlar yolu \u00fczerinde meydana geldi. Edinilen bilgiye g\u00f6re Efeler il\u00e7esinden \u0130ncirliova istikametine seyir halinde olan bir kamyon, K\u0131z\u0131lcak\u00f6y Mahallesi yak\u0131nlar\u0131nda \u00f6n\u00fcndeki trafi\u011fin s\u0131k\u0131\u015fmas\u0131 \u00fczerine ara\u00e7lara \u00e7arpmamak i\u00e7in yolun kenar\u0131na direksiyonu k\u0131rd\u0131. Son anda \u00f6n\u00fcndeki otomobille \u00e7arp\u0131\u015fan kamyon, yol kenar\u0131ndaki \u00e7am a\u011fa\u00e7lar\u0131na \u00e7arp\u0131p durabildi. Kazada bir ki\u015fi yaralan\u0131rken, ihbar \u00fczerine b\u00f6lgeye sa\u011fl\u0131k ve jandarma ekipleri sevk edildi. K\u0131sa s\u00fcrede olay yerine gelen ekipler, yaral\u0131y\u0131 ilk m\u00fcdahalenin ard\u0131ndan ambulansla hastaneye kald\u0131r\u0131rken, kaza ile ilgili inceleme ba\u015flat\u0131ld\u0131.<br \/><\/p>\n","protected":false},"excerpt":{"rendered":"<p>Ayd\u0131n\u2019\u0131n \u0130ncirliova il\u00e7esinde \u00f6n\u00fcndeki otomobille \u00e7arp\u0131\u015fan bir kamyon, a\u011faca \u00e7arparak durabildi. Kazada 1 ki\u015fi yaraland\u0131. Kaza, \u0130ncirliova il\u00e7esi K\u0131z\u0131lcak\u00f6y-Acarlar yolu \u00fczerinde meydana geldi. Edinilen bilgiye g\u00f6re Efeler il\u00e7esinden \u0130ncirliova istikametine seyir halinde olan bir kamyon, K\u0131z\u0131lcak\u00f6y Mahallesi yak\u0131nlar\u0131nda \u00f6n\u00fcndeki trafi\u011fin s\u0131k\u0131\u015fmas\u0131 \u00fczerine ara\u00e7lara \u00e7arpmamak i\u00e7in yolun kenar\u0131na direksiyonu k\u0131rd\u0131. Son anda \u00f6n\u00fcndeki otomobille \u00e7arp\u0131\u015fan kamyon,&#8230;<\/p>\n","protected":false},"author":1,"featured_media":15477,"comment_status":"open","ping_status":"open","sticky":false,"template":"","format":"standard","meta":{"_crdt_document":"","footnotes":""},"categories":[5],"tags":[],"class_list":["post-15476","post","type-post","status-publish","format-standard","has-post-thumbnail","hentry","category-asayis"],"_links":{"self":[{"href":"https:\/\/www.egemtv.com\/index.php?rest_route=\/wp\/v2\/posts\/15476","targetHints":{"allow":["GET"]}}],"collection":[{"href":"https:\/\/www.egemtv.com\/index.php?rest_route=\/wp\/v2\/posts"}],"about":[{"href":"https:\/\/www.egemtv.com\/index.php?rest_route=\/wp\/v2\/types\/post"}],"author":[{"embeddable":true,"href":"https:\/\/www.egemtv.com\/index.php?rest_route=\/wp\/v2\/users\/1"}],"replies":[{"embeddable":true,"href":"https:\/\/www.egemtv.com\/index.php?rest_route=%2Fwp%2Fv2%2Fcomments&post=15476"}],"version-history":[{"count":1,"href":"https:\/\/www.egemtv.com\/index.php?rest_route=\/wp\/v2\/posts\/15476\/revisions"}],"predecessor-version":[{"id":15478,"href":"https:\/\/www.egemtv.com\/index.php?rest_route=\/wp\/v2\/posts\/15476\/revisions\/15478"}],"wp:featuredmedia":[{"embeddable":true,"href":"https:\/\/www.egemtv.com\/index.php?rest_route=\/wp\/v2\/media\/15477"}],"wp:attachment":[{"href":"https:\/\/www.egemtv.com\/index.php?rest_route=%2Fwp%2Fv2%2Fmedia&parent=15476"}],"wp:term":[{"taxonomy":"category","embeddable":true,"href":"https:\/\/www.egemtv.com\/index.php?rest_route=%2Fwp%2Fv2%2Fcategories&post=15476"},{"taxonomy":"post_tag","embeddable":true,"href":"https:\/\/www.egemtv.com\/index.php?rest_route=%2Fwp%2Fv2%2Ftags&post=15476"}],"curies":[{"name":"wp","href":"https:\/\/api.w.org\/{rel}","templated":true}]}}