{"id":15473,"date":"2025-02-04T19:50:39","date_gmt":"2025-02-04T16:50:39","guid":{"rendered":"https:\/\/www.egemtv.com\/?p=15473"},"modified":"2025-02-04T19:50:43","modified_gmt":"2025-02-04T16:50:43","slug":"baskan-kayadan-100-yas-surprizi","status":"publish","type":"post","link":"https:\/\/www.egemtv.com\/?p=15473","title":{"rendered":"Ba\u015fkan Kaya\u2019dan 100. ya\u015f s\u00fcrprizi"},"content":{"rendered":"<p>\u0130ncirliova Belediye Ba\u015fkan\u0131 Aytekin Kaya, il\u00e7enin as\u0131rl\u0131k \u00e7\u0131narlar\u0131ndan olan 1925 do\u011fumlu Ahmet Maden\u2019e 100. ya\u015f g\u00fcn\u00fcnde anlaml\u0131 bir s\u00fcrpriz haz\u0131rlad\u0131.<br \/>\n<br \/>Ba\u015fkan Kaya il\u00e7enin ya\u015fayan tarihi \u2019Tavuk\u00e7u Ahmet\u2019 lakapl\u0131 Ahmet Maden\u2019i do\u011fum g\u00fcn\u00fcnde Cumhuriyet Mahallesi\u2019ndeki evinde ziyaret etti. 100. ya\u015f\u0131n\u0131 kutlayan koca \u00e7\u0131nar kendisi i\u00e7in haz\u0131rlanan pastas\u0131n\u0131n mumlar\u0131n\u0131 Ba\u015fkan Kaya ile birlikte \u00fcfledi. Ba\u015fkan Kaya\u2019n\u0131n s\u00fcrpriz ziyareti, as\u0131rl\u0131k \u00e7\u0131nar\u0131n y\u00fcz\u00fcn\u00fc g\u00fcld\u00fcrd\u00fc. Do\u011fum g\u00fcn\u00fcnde kendisini unutmayan Ba\u015fkan Kaya\u2019ya te\u015fekk\u00fcr eden Madeni s\u00fcrprizden duydu\u011fu memnuniyeti dile getirdi. 100 ya\u015f\u0131n\u0131 kutlayan Maden, Ba\u015fkan Kaya i\u00e7in &#8220;O benim i\u00e7in karde\u015ften, evlattan \u00f6tedir. Her zaman arar sorar. Sa\u011f olsun hi\u00e7 yaln\u0131zl\u0131k hissettirmez. Do\u011fum g\u00fcn\u00fcmde de beni \u00e7ok memnun etti. Allah ondan raz\u0131 olsun&#8221; dedi.<br \/>\n<br \/>S\u00fcrpriz do\u011fum g\u00fcn\u00fcne ili\u015fkin a\u00e7\u0131klama yapan Ba\u015fkan Kaya, &#8220;Erbeyli \u0130ncir Ara\u015ft\u0131rma Enstit\u00fcs\u00fc\u2019nden emekli baba dostum, koca \u00e7\u0131nar, mahallemizin \u2019Tavuk\u00e7u Ahmet Amcas\u0131\u2019 de\u011ferli b\u00fcy\u00fc\u011f\u00fcm\u00fcz Ahmet Maden\u2019in 100. ya\u015f g\u00fcn\u00fcnde kendisine do\u011fum g\u00fcn\u00fc s\u00fcrprizi yapt\u0131k. Ahmet amcam\u0131z\u0131n mutlu\u011funa ortak olarak hem yeni ya\u015f\u0131n\u0131 kutlad\u0131k, hem de kendisinin g\u00fczel sohbeti ile eski g\u00fcnleri yad ettik. Bizleri b\u00fcy\u00fcten, yeti\u015ftiren ve tecr\u00fcbeleri ile rehber olan, g\u00f6lgesinde hayat ve bereket buldu\u011fumuz koca \u00e7\u0131narlar\u0131m\u0131z her zaman ba\u015f\u0131m\u0131z\u0131n tac\u0131. Ya\u015fayan tarihimiz Ahmet amcam\u0131za ve bizleri a\u011f\u0131rlayan k\u0131ymetli ailesine te\u015fekk\u00fcr ediyor, koca \u00e7\u0131nar\u0131m\u0131za yeni ya\u015f\u0131 ile birlikte sa\u011fl\u0131kl\u0131 uzun \u00f6m\u00fcrler ve esenlikler diliyorum. 100 ya\u015f\u0131ndaki delikanl\u0131m\u0131za ma\u015fallah&#8221; ifadelerine yer verdi.<br \/><\/p>\n","protected":false},"excerpt":{"rendered":"<p>\u0130ncirliova Belediye Ba\u015fkan\u0131 Aytekin Kaya, il\u00e7enin as\u0131rl\u0131k \u00e7\u0131narlar\u0131ndan olan 1925 do\u011fumlu Ahmet Maden\u2019e 100. ya\u015f g\u00fcn\u00fcnde anlaml\u0131 bir s\u00fcrpriz haz\u0131rlad\u0131. Ba\u015fkan Kaya il\u00e7enin ya\u015fayan tarihi \u2019Tavuk\u00e7u Ahmet\u2019 lakapl\u0131 Ahmet Maden\u2019i do\u011fum g\u00fcn\u00fcnde Cumhuriyet Mahallesi\u2019ndeki evinde ziyaret etti. 100. ya\u015f\u0131n\u0131 kutlayan koca \u00e7\u0131nar kendisi i\u00e7in haz\u0131rlanan pastas\u0131n\u0131n mumlar\u0131n\u0131 Ba\u015fkan Kaya ile birlikte \u00fcfledi. Ba\u015fkan Kaya\u2019n\u0131n s\u00fcrpriz&#8230;<\/p>\n","protected":false},"author":1,"featured_media":15474,"comment_status":"open","ping_status":"open","sticky":false,"template":"","format":"standard","meta":{"_crdt_document":"","footnotes":""},"categories":[1],"tags":[],"class_list":["post-15473","post","type-post","status-publish","format-standard","has-post-thumbnail","hentry","category-guncel"],"_links":{"self":[{"href":"https:\/\/www.egemtv.com\/index.php?rest_route=\/wp\/v2\/posts\/15473","targetHints":{"allow":["GET"]}}],"collection":[{"href":"https:\/\/www.egemtv.com\/index.php?rest_route=\/wp\/v2\/posts"}],"about":[{"href":"https:\/\/www.egemtv.com\/index.php?rest_route=\/wp\/v2\/types\/post"}],"author":[{"embeddable":true,"href":"https:\/\/www.egemtv.com\/index.php?rest_route=\/wp\/v2\/users\/1"}],"replies":[{"embeddable":true,"href":"https:\/\/www.egemtv.com\/index.php?rest_route=%2Fwp%2Fv2%2Fcomments&post=15473"}],"version-history":[{"count":1,"href":"https:\/\/www.egemtv.com\/index.php?rest_route=\/wp\/v2\/posts\/15473\/revisions"}],"predecessor-version":[{"id":15475,"href":"https:\/\/www.egemtv.com\/index.php?rest_route=\/wp\/v2\/posts\/15473\/revisions\/15475"}],"wp:featuredmedia":[{"embeddable":true,"href":"https:\/\/www.egemtv.com\/index.php?rest_route=\/wp\/v2\/media\/15474"}],"wp:attachment":[{"href":"https:\/\/www.egemtv.com\/index.php?rest_route=%2Fwp%2Fv2%2Fmedia&parent=15473"}],"wp:term":[{"taxonomy":"category","embeddable":true,"href":"https:\/\/www.egemtv.com\/index.php?rest_route=%2Fwp%2Fv2%2Fcategories&post=15473"},{"taxonomy":"post_tag","embeddable":true,"href":"https:\/\/www.egemtv.com\/index.php?rest_route=%2Fwp%2Fv2%2Ftags&post=15473"}],"curies":[{"name":"wp","href":"https:\/\/api.w.org\/{rel}","templated":true}]}}