{"id":15470,"date":"2025-02-04T18:28:53","date_gmt":"2025-02-04T15:28:53","guid":{"rendered":"https:\/\/www.egemtv.com\/?p=15470"},"modified":"2025-02-04T18:28:57","modified_gmt":"2025-02-04T15:28:57","slug":"salihlide-ikinci-donem-egitim-ogretim-degerlendirme-toplantisi","status":"publish","type":"post","link":"https:\/\/www.egemtv.com\/?p=15470","title":{"rendered":"Salihli\u2019de ikinci d\u00f6nem e\u011fitim-\u00f6\u011fretim de\u011ferlendirme toplant\u0131s\u0131"},"content":{"rendered":"<p>Manisa\u2019n\u0131n Salihli il\u00e7esinde 2024-2025 E\u011fitim-\u00d6\u011fretim Y\u0131l\u0131 2. D\u00f6nem E\u011fitim De\u011ferlendirme Toplant\u0131s\u0131 yap\u0131ld\u0131.<br \/>\n<br \/>2024-2025 E\u011fitim \u00d6\u011fretim Y\u0131l\u0131 2. D\u00f6nem E\u011fitim De\u011ferlendirme Toplant\u0131s\u0131 Salihli Kaymakam\u0131 Ali G\u00fcldo\u011fan ba\u015fkanl\u0131\u011f\u0131nda ger\u00e7ekle\u015ftirildi.<br \/>\n<br \/>Salihli Borsa \u0130stanbul Mesleki ve Teknik Anadolu Lisesi Konferans Salonu\u2019nda ger\u00e7ekle\u015ftirilen toplant\u0131da il\u00e7e genelinde g\u00fcvenli ve huzurlu bir e\u011fitim \u00f6\u011fretim ortam\u0131 sa\u011flamak amac\u0131yla okul ve \u00e7evresinde al\u0131nacak tedbirler g\u00f6r\u00fc\u015f\u00fcld\u00fc. Toplant\u0131ya Salihli Belediye Ba\u015fkan\u0131 Mazlum Nurlu, \u0130l\u00e7e Emniyet M\u00fcd\u00fcr\u00fc Burhan Demirk\u0131ran, \u0130l\u00e7e Jandarma Komutan\u0131 Binba\u015f\u0131 Do\u011fukan Karaaslan, \u0130l\u00e7e Milli E\u011fitim M\u00fcd\u00fcr\u00fc Mahmut Yenen ile ilgili kurum m\u00fcd\u00fcrleri, okul m\u00fcd\u00fcrleri ve okul aile birlik ba\u015fkanlar\u0131 kat\u0131ld\u0131.<br \/><\/p>\n","protected":false},"excerpt":{"rendered":"<p>Manisa\u2019n\u0131n Salihli il\u00e7esinde 2024-2025 E\u011fitim-\u00d6\u011fretim Y\u0131l\u0131 2. D\u00f6nem E\u011fitim De\u011ferlendirme Toplant\u0131s\u0131 yap\u0131ld\u0131. 2024-2025 E\u011fitim \u00d6\u011fretim Y\u0131l\u0131 2. D\u00f6nem E\u011fitim De\u011ferlendirme Toplant\u0131s\u0131 Salihli Kaymakam\u0131 Ali G\u00fcldo\u011fan ba\u015fkanl\u0131\u011f\u0131nda ger\u00e7ekle\u015ftirildi. Salihli Borsa \u0130stanbul Mesleki ve Teknik Anadolu Lisesi Konferans Salonu\u2019nda ger\u00e7ekle\u015ftirilen toplant\u0131da il\u00e7e genelinde g\u00fcvenli ve huzurlu bir e\u011fitim \u00f6\u011fretim ortam\u0131 sa\u011flamak amac\u0131yla okul ve \u00e7evresinde al\u0131nacak tedbirler&#8230;<\/p>\n","protected":false},"author":1,"featured_media":15471,"comment_status":"open","ping_status":"open","sticky":false,"template":"","format":"standard","meta":{"_crdt_document":"","footnotes":""},"categories":[1],"tags":[],"class_list":["post-15470","post","type-post","status-publish","format-standard","has-post-thumbnail","hentry","category-guncel"],"_links":{"self":[{"href":"https:\/\/www.egemtv.com\/index.php?rest_route=\/wp\/v2\/posts\/15470","targetHints":{"allow":["GET"]}}],"collection":[{"href":"https:\/\/www.egemtv.com\/index.php?rest_route=\/wp\/v2\/posts"}],"about":[{"href":"https:\/\/www.egemtv.com\/index.php?rest_route=\/wp\/v2\/types\/post"}],"author":[{"embeddable":true,"href":"https:\/\/www.egemtv.com\/index.php?rest_route=\/wp\/v2\/users\/1"}],"replies":[{"embeddable":true,"href":"https:\/\/www.egemtv.com\/index.php?rest_route=%2Fwp%2Fv2%2Fcomments&post=15470"}],"version-history":[{"count":1,"href":"https:\/\/www.egemtv.com\/index.php?rest_route=\/wp\/v2\/posts\/15470\/revisions"}],"predecessor-version":[{"id":15472,"href":"https:\/\/www.egemtv.com\/index.php?rest_route=\/wp\/v2\/posts\/15470\/revisions\/15472"}],"wp:featuredmedia":[{"embeddable":true,"href":"https:\/\/www.egemtv.com\/index.php?rest_route=\/wp\/v2\/media\/15471"}],"wp:attachment":[{"href":"https:\/\/www.egemtv.com\/index.php?rest_route=%2Fwp%2Fv2%2Fmedia&parent=15470"}],"wp:term":[{"taxonomy":"category","embeddable":true,"href":"https:\/\/www.egemtv.com\/index.php?rest_route=%2Fwp%2Fv2%2Fcategories&post=15470"},{"taxonomy":"post_tag","embeddable":true,"href":"https:\/\/www.egemtv.com\/index.php?rest_route=%2Fwp%2Fv2%2Ftags&post=15470"}],"curies":[{"name":"wp","href":"https:\/\/api.w.org\/{rel}","templated":true}]}}