{"id":15467,"date":"2025-02-04T18:25:31","date_gmt":"2025-02-04T15:25:31","guid":{"rendered":"https:\/\/www.egemtv.com\/?p=15467"},"modified":"2025-02-04T18:25:36","modified_gmt":"2025-02-04T15:25:36","slug":"salihli-jandarmadan-ogrenci-servislerine-denetim","status":"publish","type":"post","link":"https:\/\/www.egemtv.com\/?p=15467","title":{"rendered":"Salihli jandarmadan \u00f6\u011frenci servislerine denetim"},"content":{"rendered":"<p>Manisa\u2019n\u0131n Salihli il\u00e7esinde 2.e\u011fitim \u00f6\u011fretim y\u0131l\u0131n\u0131n ba\u015flamas\u0131yla birlikte \u0130l\u00e7e Jandarma Komutanl\u0131\u011f\u0131na ba\u011fl\u0131 asayi\u015f ve trafik timi ekipleri taraf\u0131ndan \u00f6\u011frenci servis minib\u00fcsleri s\u0131k\u0131 denetime al\u0131n\u0131rken, denetimlerde \u00f6\u011frencilerin uymalar\u0131 gereken kurallar anlat\u0131ld\u0131.<br \/>\n<br \/>Salihli\u2019de jandarma ekipleri, \u2019\u2019\u00c7ocuk ve Gen\u00e7lerin Korunmas\u0131na Y\u00f6nelik Okul \u00c7evreleri ile Servis Ara\u00e7lar\u0131n\u0131n Denetimi Uygulamas\u0131&#8221; \u00e7er\u00e7evesinde 17 mahallede ta\u015f\u0131mal\u0131 e\u011fitim \u00f6\u011frencilerini ta\u015f\u0131yan minib\u00fcsleri denetledi. 14 asayi\u015f ve 3 trafik olmak \u00fczere toplam 49 personel ile ger\u00e7ekle\u015ftirilen denetimlerde 68 servis arac\u0131 denetlenirken, 820 \u00f6\u011frenciye ise servis ara\u00e7lar\u0131na inme binme, emniyet kemeri kullan\u0131m\u0131 hakk\u0131nda bilgilendirme yap\u0131ld\u0131.<br \/>\n<br \/>Jandarma ekipleri, durdurdu\u011fu servis minib\u00fcslerinde yang\u0131n t\u00fcp\u00fc ba\u015fta olmak \u00fczere evrak, ara\u00e7 ve emniyet kemeri kontrol\u00fc yaparak servis \u015fof\u00f6rlerini trafik kurallar\u0131na uymalar\u0131 ve \u00f6\u011frencilerin can g\u00fcvenli\u011fini sa\u011flamalar\u0131 konusunda uyard\u0131.<br \/><\/p>\n","protected":false},"excerpt":{"rendered":"<p>Manisa\u2019n\u0131n Salihli il\u00e7esinde 2.e\u011fitim \u00f6\u011fretim y\u0131l\u0131n\u0131n ba\u015flamas\u0131yla birlikte \u0130l\u00e7e Jandarma Komutanl\u0131\u011f\u0131na ba\u011fl\u0131 asayi\u015f ve trafik timi ekipleri taraf\u0131ndan \u00f6\u011frenci servis minib\u00fcsleri s\u0131k\u0131 denetime al\u0131n\u0131rken, denetimlerde \u00f6\u011frencilerin uymalar\u0131 gereken kurallar anlat\u0131ld\u0131. Salihli\u2019de jandarma ekipleri, \u2019\u2019\u00c7ocuk ve Gen\u00e7lerin Korunmas\u0131na Y\u00f6nelik Okul \u00c7evreleri ile Servis Ara\u00e7lar\u0131n\u0131n Denetimi Uygulamas\u0131&#8221; \u00e7er\u00e7evesinde 17 mahallede ta\u015f\u0131mal\u0131 e\u011fitim \u00f6\u011frencilerini ta\u015f\u0131yan minib\u00fcsleri denetledi. 14&#8230;<\/p>\n","protected":false},"author":1,"featured_media":15468,"comment_status":"open","ping_status":"open","sticky":false,"template":"","format":"standard","meta":{"_crdt_document":"","footnotes":""},"categories":[1],"tags":[],"class_list":["post-15467","post","type-post","status-publish","format-standard","has-post-thumbnail","hentry","category-guncel"],"_links":{"self":[{"href":"https:\/\/www.egemtv.com\/index.php?rest_route=\/wp\/v2\/posts\/15467","targetHints":{"allow":["GET"]}}],"collection":[{"href":"https:\/\/www.egemtv.com\/index.php?rest_route=\/wp\/v2\/posts"}],"about":[{"href":"https:\/\/www.egemtv.com\/index.php?rest_route=\/wp\/v2\/types\/post"}],"author":[{"embeddable":true,"href":"https:\/\/www.egemtv.com\/index.php?rest_route=\/wp\/v2\/users\/1"}],"replies":[{"embeddable":true,"href":"https:\/\/www.egemtv.com\/index.php?rest_route=%2Fwp%2Fv2%2Fcomments&post=15467"}],"version-history":[{"count":1,"href":"https:\/\/www.egemtv.com\/index.php?rest_route=\/wp\/v2\/posts\/15467\/revisions"}],"predecessor-version":[{"id":15469,"href":"https:\/\/www.egemtv.com\/index.php?rest_route=\/wp\/v2\/posts\/15467\/revisions\/15469"}],"wp:featuredmedia":[{"embeddable":true,"href":"https:\/\/www.egemtv.com\/index.php?rest_route=\/wp\/v2\/media\/15468"}],"wp:attachment":[{"href":"https:\/\/www.egemtv.com\/index.php?rest_route=%2Fwp%2Fv2%2Fmedia&parent=15467"}],"wp:term":[{"taxonomy":"category","embeddable":true,"href":"https:\/\/www.egemtv.com\/index.php?rest_route=%2Fwp%2Fv2%2Fcategories&post=15467"},{"taxonomy":"post_tag","embeddable":true,"href":"https:\/\/www.egemtv.com\/index.php?rest_route=%2Fwp%2Fv2%2Ftags&post=15467"}],"curies":[{"name":"wp","href":"https:\/\/api.w.org\/{rel}","templated":true}]}}