{"id":15461,"date":"2025-02-04T18:07:36","date_gmt":"2025-02-04T15:07:36","guid":{"rendered":"https:\/\/www.egemtv.com\/?p=15461"},"modified":"2025-02-04T18:07:41","modified_gmt":"2025-02-04T15:07:41","slug":"ak-partili-balcidan-mecliste-sert-tepki-millet-iradesini-yok-saymak-buyuk-talihsizliktir","status":"publish","type":"post","link":"https:\/\/www.egemtv.com\/?p=15461","title":{"rendered":"AK Parti\u2019li Balc\u0131\u2019dan Mecliste sert tepki: &#8220;Millet iradesini yok saymak b\u00fcy\u00fck talihsizliktir&#8221;"},"content":{"rendered":"<p>AK Parti K\u00fctahya \u0130l Genel Meclis \u00dcyesi Esra \u00d6zbek Balc\u0131, K\u00fctahya \u0130l Genel Meclisi\u2019nde yapt\u0131\u011f\u0131 konu\u015fmada, milletvekili Ahmet Erba\u015f\u2019\u0131n ziyaretlerinin ard\u0131ndan s\u00f6z alan CHP \u0130l Genel Meclis \u00fcyesi taraf\u0131ndan yap\u0131lan a\u00e7\u0131klamaya sert tepki g\u00f6sterdi. Yap\u0131lan a\u00e7\u0131klamada, milletvekilleri i\u00e7in &#8220;Yok H\u00fckm\u00fcndedir&#8221; ifadesine kar\u015f\u0131 Balc\u0131, s\u00f6z konusu a\u00e7\u0131klamalar\u0131n millet iradesini hedef ald\u0131\u011f\u0131n\u0131 belirterek, &#8220;Milletvekillerimizi yok saymak, do\u011frudan millet iradesini yok saymak demektir. Bu b\u00fcy\u00fck bir talihsizliktir ve bir \u00f6zr\u00fc gerektirir&#8221; dedi.<br \/>\n<br \/>Mecliste grup ad\u0131na s\u00f6z alan Balc\u0131, yap\u0131lan a\u00e7\u0131klamalarda maksad\u0131n ve konu\u015fmac\u0131n\u0131n haddini a\u015ft\u0131\u011f\u0131n\u0131 s\u00f6yleyerek, &#8220;Milletvekillerinin arkas\u0131nda bir milli irade vard\u0131r. Onlar\u0131 yok saymak, millet egemenli\u011fini yok saymak anlam\u0131na gelir. Bu da konu\u015fmac\u0131n\u0131n da bir se\u00e7ilmi\u015f olmas\u0131 hasebi ile kendi i\u00e7erisinde bir \u00e7eli\u015fki olu\u015fturan kabul edilemez bir s\u00f6ylemdir&#8221; ifadelerini kulland\u0131.<\/p>\n<p>&#8220;Buras\u0131 siyaset meydan\u0131 de\u011fil, hizmet alan\u0131d\u0131r&#8221;<br \/>\n<br \/>Konu\u015fmas\u0131nda meclisin amac\u0131na da dikkat \u00e7eken Balc\u0131, &#8220;Bizler burada partiler \u00fcst\u00fc bir yakla\u015f\u0131mla, K\u00fctahya halk\u0131 i\u00e7in el ele, g\u00f6n\u00fcl g\u00f6n\u00fcle \u00e7al\u0131\u015fmak i\u00e7in bulunuyoruz. Buras\u0131 siyaset yap\u0131lacak bir alan de\u011fil, hizmet \u00fcretilecek bir yerel y\u00f6netim birimidir&#8221; dedi.<br \/>\n<br \/>Cumhur \u0130ttifak\u0131\u2019n\u0131n birlik ve beraberlik ruhuyla hareket etti\u011fini belirten Balc\u0131, &#8220;Bug\u00fcne kadar meclisimizde ahenk i\u00e7inde \u00e7al\u0131\u015ft\u0131k. Amac\u0131m\u0131z, kamu kaynaklar\u0131n\u0131 en verimli \u015fekilde K\u00fctahya\u2019ya kazand\u0131rmak ve hem\u015fehrilerimize hizmet etmektir&#8221; diye konu\u015ftu.<\/p>\n<p>&#8220;T\u00fcrkiye, eski T\u00fcrkiye de\u011fil&#8221;<br \/>\n<br \/>Esra \u00d6zbek Balc\u0131, T\u00fcrkiye\u2019nin demokratik geli\u015fimine de vurgu yaparak, &#8220;Halk\u0131n iradesinin mecliste tam anlam\u0131yla temsil edildi\u011fi bir d\u00f6nemdeyiz, yok saymak h\u00fck\u00fcms\u00fcz k\u0131lmak zaten sizin \u00fcslubunuz. Ba\u015f\u00f6rt\u00fcl\u00fc vekilleri mecliste yok sayd\u0131n\u0131z ba\u015f\u00f6rt\u00fcs\u00fc sebebiyle \u00fcniversitelerden \u00f6\u011frenci att\u0131n\u0131z \u00f6\u011frenciliklerini h\u00fck\u00fcms\u00fcz k\u0131ld\u0131n\u0131z. Millet iradesini tan\u0131mayarak hala ayn\u0131 noktadas\u0131n\u0131z ama art\u0131k T\u00fcrkiye, eski T\u00fcrkiye de\u011fil. Art\u0131k milleti yok sayamazs\u0131n\u0131z&#8221; ifadelerini kulland\u0131.<br \/>\n<br \/>Konu\u015fmas\u0131n\u0131 birlik ve beraberlik \u00e7a\u011fr\u0131s\u0131yla sonland\u0131ran Balc\u0131, &#8220;Cumhur \u0130ttifak\u0131 ile birlikte meclis ahengimizi, hizmet a\u015fk\u0131m\u0131z\u0131, sadakatimizi ve samimiyetimizi kimse bozamaz. Buna m\u00fcsaade etmeyiz. Amac\u0131m\u0131z, K\u00fctahya\u2019ya ve milletimize en iyi \u015fekilde hizmet etmektir&#8221; \u015feklinde konu\u015ftu.<br \/><\/p>\n","protected":false},"excerpt":{"rendered":"<p>AK Parti K\u00fctahya \u0130l Genel Meclis \u00dcyesi Esra \u00d6zbek Balc\u0131, K\u00fctahya \u0130l Genel Meclisi\u2019nde yapt\u0131\u011f\u0131 konu\u015fmada, milletvekili Ahmet Erba\u015f\u2019\u0131n ziyaretlerinin ard\u0131ndan s\u00f6z alan CHP \u0130l Genel Meclis \u00fcyesi taraf\u0131ndan yap\u0131lan a\u00e7\u0131klamaya sert tepki g\u00f6sterdi. Yap\u0131lan a\u00e7\u0131klamada, milletvekilleri i\u00e7in &#8220;Yok H\u00fckm\u00fcndedir&#8221; ifadesine kar\u015f\u0131 Balc\u0131, s\u00f6z konusu a\u00e7\u0131klamalar\u0131n millet iradesini hedef ald\u0131\u011f\u0131n\u0131 belirterek, &#8220;Milletvekillerimizi yok saymak, do\u011frudan&#8230;<\/p>\n","protected":false},"author":1,"featured_media":15462,"comment_status":"open","ping_status":"open","sticky":false,"template":"","format":"standard","meta":{"_crdt_document":"","footnotes":""},"categories":[127],"tags":[],"class_list":["post-15461","post","type-post","status-publish","format-standard","has-post-thumbnail","hentry","category-siyaset"],"_links":{"self":[{"href":"https:\/\/www.egemtv.com\/index.php?rest_route=\/wp\/v2\/posts\/15461","targetHints":{"allow":["GET"]}}],"collection":[{"href":"https:\/\/www.egemtv.com\/index.php?rest_route=\/wp\/v2\/posts"}],"about":[{"href":"https:\/\/www.egemtv.com\/index.php?rest_route=\/wp\/v2\/types\/post"}],"author":[{"embeddable":true,"href":"https:\/\/www.egemtv.com\/index.php?rest_route=\/wp\/v2\/users\/1"}],"replies":[{"embeddable":true,"href":"https:\/\/www.egemtv.com\/index.php?rest_route=%2Fwp%2Fv2%2Fcomments&post=15461"}],"version-history":[{"count":1,"href":"https:\/\/www.egemtv.com\/index.php?rest_route=\/wp\/v2\/posts\/15461\/revisions"}],"predecessor-version":[{"id":15463,"href":"https:\/\/www.egemtv.com\/index.php?rest_route=\/wp\/v2\/posts\/15461\/revisions\/15463"}],"wp:featuredmedia":[{"embeddable":true,"href":"https:\/\/www.egemtv.com\/index.php?rest_route=\/wp\/v2\/media\/15462"}],"wp:attachment":[{"href":"https:\/\/www.egemtv.com\/index.php?rest_route=%2Fwp%2Fv2%2Fmedia&parent=15461"}],"wp:term":[{"taxonomy":"category","embeddable":true,"href":"https:\/\/www.egemtv.com\/index.php?rest_route=%2Fwp%2Fv2%2Fcategories&post=15461"},{"taxonomy":"post_tag","embeddable":true,"href":"https:\/\/www.egemtv.com\/index.php?rest_route=%2Fwp%2Fv2%2Ftags&post=15461"}],"curies":[{"name":"wp","href":"https:\/\/api.w.org\/{rel}","templated":true}]}}