{"id":15458,"date":"2025-02-04T17:21:15","date_gmt":"2025-02-04T14:21:15","guid":{"rendered":"https:\/\/www.egemtv.com\/?p=15458"},"modified":"2025-02-04T17:21:16","modified_gmt":"2025-02-04T14:21:16","slug":"menemende-feci-kaza-14-yasindaki-motosiklet-surucusu-hayatini-kaybetti","status":"publish","type":"post","link":"https:\/\/www.egemtv.com\/?p=15458","title":{"rendered":"Menemen\u2019de feci kaza: 14 ya\u015f\u0131ndaki motosiklet s\u00fcr\u00fcc\u00fcs\u00fc hayat\u0131n\u0131 kaybetti"},"content":{"rendered":"<p>\u0130zmir\u2019in Menemen il\u00e7esinde meydana gelen motosiklet kazas\u0131nda 14 ya\u015f\u0131ndaki \u00e7ocuk hayat\u0131n\u0131 kaybetti.<br \/>\n<br \/>Edinilen bilgilere g\u00f6re, Buruncuk Mahallesi\u2019nde saat 14.00 s\u0131ralar\u0131nda meydana gelen trafik kazas\u0131nda, Nuray Dumanl\u0131 idaresindeki 35 MAT 18 plakal\u0131 motosiklet, Buruncuk k\u00f6y yolundan \u0130zmir-\u00c7anakkale yoluna girmek isterken, Menemen istikametinden Alia\u011fa y\u00f6n\u00fcne do\u011fru gelen M.\u00c7. (57) y\u00f6netimindeki 35 CDE 349 plakal\u0131 \u00e7ekici ara\u00e7la \u00e7arp\u0131\u015ft\u0131. Ya\u015fanan feci kaza sonras\u0131nda \u00e7evredeki vatanda\u015flar\u0131n ihbar\u0131 \u00fczerine olay yerine \u00e7ok say\u0131da sa\u011fl\u0131k ve polis ekipleri sevk edildi. Kaza yerinde yap\u0131lan t\u00fcm m\u00fcdahalelere ra\u011fmen 14 ya\u015f\u0131ndaki Nuray Dumanl\u0131\u2019n\u0131n hayat\u0131n\u0131 kaybetti\u011fi ifade edildi. \u00c7ekici arac\u0131 s\u00fcren M.\u00c7. ise g\u00f6zalt\u0131na al\u0131nd\u0131.<br \/>\n<br \/>Polis ekiplerinin de olayla ilgili soru\u015fturma ba\u015flatt\u0131\u011f\u0131 \u00f6\u011frenildi.<br \/><\/p>\n","protected":false},"excerpt":{"rendered":"<p>\u0130zmir\u2019in Menemen il\u00e7esinde meydana gelen motosiklet kazas\u0131nda 14 ya\u015f\u0131ndaki \u00e7ocuk hayat\u0131n\u0131 kaybetti. Edinilen bilgilere g\u00f6re, Buruncuk Mahallesi\u2019nde saat 14.00 s\u0131ralar\u0131nda meydana gelen trafik kazas\u0131nda, Nuray Dumanl\u0131 idaresindeki 35 MAT 18 plakal\u0131 motosiklet, Buruncuk k\u00f6y yolundan \u0130zmir-\u00c7anakkale yoluna girmek isterken, Menemen istikametinden Alia\u011fa y\u00f6n\u00fcne do\u011fru gelen M.\u00c7. (57) y\u00f6netimindeki 35 CDE 349 plakal\u0131 \u00e7ekici ara\u00e7la \u00e7arp\u0131\u015ft\u0131&#8230;.<\/p>\n","protected":false},"author":1,"featured_media":15459,"comment_status":"open","ping_status":"open","sticky":false,"template":"","format":"standard","meta":{"_crdt_document":"","footnotes":""},"categories":[5],"tags":[],"class_list":["post-15458","post","type-post","status-publish","format-standard","has-post-thumbnail","hentry","category-asayis"],"_links":{"self":[{"href":"https:\/\/www.egemtv.com\/index.php?rest_route=\/wp\/v2\/posts\/15458","targetHints":{"allow":["GET"]}}],"collection":[{"href":"https:\/\/www.egemtv.com\/index.php?rest_route=\/wp\/v2\/posts"}],"about":[{"href":"https:\/\/www.egemtv.com\/index.php?rest_route=\/wp\/v2\/types\/post"}],"author":[{"embeddable":true,"href":"https:\/\/www.egemtv.com\/index.php?rest_route=\/wp\/v2\/users\/1"}],"replies":[{"embeddable":true,"href":"https:\/\/www.egemtv.com\/index.php?rest_route=%2Fwp%2Fv2%2Fcomments&post=15458"}],"version-history":[{"count":1,"href":"https:\/\/www.egemtv.com\/index.php?rest_route=\/wp\/v2\/posts\/15458\/revisions"}],"predecessor-version":[{"id":15460,"href":"https:\/\/www.egemtv.com\/index.php?rest_route=\/wp\/v2\/posts\/15458\/revisions\/15460"}],"wp:featuredmedia":[{"embeddable":true,"href":"https:\/\/www.egemtv.com\/index.php?rest_route=\/wp\/v2\/media\/15459"}],"wp:attachment":[{"href":"https:\/\/www.egemtv.com\/index.php?rest_route=%2Fwp%2Fv2%2Fmedia&parent=15458"}],"wp:term":[{"taxonomy":"category","embeddable":true,"href":"https:\/\/www.egemtv.com\/index.php?rest_route=%2Fwp%2Fv2%2Fcategories&post=15458"},{"taxonomy":"post_tag","embeddable":true,"href":"https:\/\/www.egemtv.com\/index.php?rest_route=%2Fwp%2Fv2%2Ftags&post=15458"}],"curies":[{"name":"wp","href":"https:\/\/api.w.org\/{rel}","templated":true}]}}