{"id":15455,"date":"2025-02-04T17:21:09","date_gmt":"2025-02-04T14:21:09","guid":{"rendered":"https:\/\/www.egemtv.com\/?p=15455"},"modified":"2025-02-04T17:21:15","modified_gmt":"2025-02-04T14:21:15","slug":"baskan-tugay-tarim-ve-gida-surdurulebilir-olmazsa-yasam-surdurulebilir-olmayacak","status":"publish","type":"post","link":"https:\/\/www.egemtv.com\/?p=15455","title":{"rendered":"Ba\u015fkan Tugay: &#8220;Tar\u0131m ve g\u0131da s\u00fcrd\u00fcr\u00fclebilir olmazsa ya\u015fam s\u00fcrd\u00fcr\u00fclebilir olmayacak&#8221;"},"content":{"rendered":"<p>T\u00fcrkiye\u2019nin en b\u00fcy\u00fc\u011f\u00fc olan, Avrupa\u2019n\u0131n d\u00f6rt b\u00fcy\u00fck tar\u0131m ve hayvanc\u0131l\u0131k fuar\u0131 aras\u0131nda yer alan AGROEXPO-20. Uluslararas\u0131 Tar\u0131m ve Hayvanc\u0131l\u0131k Fuar\u0131 ba\u015flad\u0131. Tar\u0131m ve hayvanc\u0131l\u0131\u011f\u0131n geli\u015fmesi i\u00e7in \u00fcreticinin her zaman yan\u0131nda olduklar\u0131n\u0131 belirten \u0130zmir B\u00fcy\u00fck\u015fehir Belediye Ba\u015fkan\u0131 Dr. Cemil Tugay, &#8220;Ge\u00e7ti\u011fimiz y\u0131l 49 binden fazla \u00fcreticiye 250 milyondan fazla destek verdik, deste\u011fimizi art\u0131rarak s\u00fcrd\u00fcrece\u011fiz. Tar\u0131m ve g\u0131da konusu s\u00fcrd\u00fcr\u00fclebilir olmazsa ne yaz\u0131k ki d\u00fcnyada ya\u015fam s\u00fcrd\u00fcr\u00fclebilir olmayacak. Herkesin bu bilince sahip olmas\u0131, bu konuya dikkat \u00e7ekmesi gerekiyor&#8221; \u015feklinde konu\u015ftu.<br \/>\n<br \/>\u0130zmir B\u00fcy\u00fck\u015fehir Belediyesi\u2019nin ev sahipli\u011finde; Progen ana sponsorlu\u011funda Orion Fuarc\u0131l\u0131k taraf\u0131ndan bu y\u0131l 20. kez d\u00fczenlenen AGROEXPO &#8211; Uluslararas\u0131 Tar\u0131m ve Hayvanc\u0131l\u0131k Fuar\u0131 kap\u0131lar\u0131n\u0131 a\u00e7t\u0131. T\u00fcrkiye\u2019nin en b\u00fcy\u00fc\u011f\u00fc olan, Avrupa\u2019n\u0131n ise d\u00f6rt b\u00fcy\u00fck tar\u0131m ve hayvanc\u0131l\u0131k fuar\u0131 aras\u0131nda yer alan AGROEXPO, Fuar \u0130zmir\u2019de 8 \u015eubat\u2019a kadar yerli ve yabanc\u0131 konuklar\u0131n\u0131 a\u011f\u0131rlayacak. 90 \u00fclkeden kat\u0131l\u0131mc\u0131n\u0131n ve bini a\u015fk\u0131n firman\u0131n yer ald\u0131\u011f\u0131 fuar\u0131n a\u00e7\u0131l\u0131\u015f t\u00f6renine \u0130zmir B\u00fcy\u00fck\u015fehir Belediye Ba\u015fkan\u0131 Dr. Cemil Tugay, \u0130zmir \u0130l Tar\u0131m ve Orman M\u00fcd\u00fcr\u00fc Mustafa \u015eahin, Kuzey K\u0131br\u0131s T\u00fcrk Cumhuriyeti Ba\u015fkonsolosu Ay\u015fen Volkan \u0130nan\u0131ro\u011flu, D\u0131\u015fi\u015fleri Bakanl\u0131\u011f\u0131 \u0130zmir Temsilcisi B\u00fcy\u00fckel\u00e7i Ye\u015fim Kebap\u00e7\u0131o\u011flu, Gaziemir Belediye Ba\u015fkan\u0131 \u00dcnal I\u015f\u0131k, OR\u0130ON Fuarc\u0131l\u0131k A\u015e Y\u00f6netim Kurulu Ba\u015fkan\u0131 Fatih Tan, Ege \u0130hracat\u00e7\u0131 Birlikleri Koordinat\u00f6r Ba\u015fkan\u0131 Jak Eskinazi, \u0130zmir Ticaret Borsas\u0131 Y\u00f6netim Kurulu Ba\u015fkan\u0131 I\u015f\u0131nsu Kestelli, \u0130zmir Ticaret Odas\u0131 Meclis Ba\u015fkan\u0131 Selami \u00d6zpoyraz, yabanc\u0131 misyon temsilcileri ve sekt\u00f6r profesyonelleri kat\u0131ld\u0131.<\/p>\n<p>&#8220;49 binden fazla \u00fcreticiye 250 milyondan fazla destek&#8221;<br \/>\n<br \/>Fuar\u0131n a\u00e7\u0131l\u0131\u015f\u0131nda konu\u015fan \u0130zmir B\u00fcy\u00fck\u015fehir Belediye Ba\u015fkan\u0131 Dr. Cemil Tugay, \u00e7ok de\u011ferli g\u00f6rd\u00fckleri AGROEXPO\u2019nun b\u00fcy\u00fcmesi ve geli\u015fmesi i\u00e7in belediye olarak gereken deste\u011fi s\u00fcrd\u00fcreceklerini belirterek, tar\u0131m ve hayvanc\u0131l\u0131\u011f\u0131n geli\u015fmesi i\u00e7in kette yapt\u0131klar\u0131 \u00e7al\u0131\u015fmalar\u0131 aktard\u0131. \u00dcreticinin her zaman yan\u0131nda olduklar\u0131n\u0131n alt\u0131n\u0131 bir kez daha \u00e7izen Ba\u015fkan Tugay, &#8220;T\u00fcrkiye\u2019de hayvansal \u00fcretimde \u0130zmir ikinci, bitkisel tar\u0131mda da \u00fc\u00e7\u00fcnc\u00fc s\u0131rada \u00fcretim miktar\u0131 a\u00e7\u0131s\u0131ndan. Yeni kurulan tar\u0131ma dayal\u0131 organize sanayi b\u00f6lgelerinin de \u00fcretime ba\u015flamas\u0131yla daha da s\u0131\u00e7rama olacak. Bu geli\u015fimi destekledi\u011fimizi, katk\u0131 vermek i\u00e7in her zaman yanlar\u0131nda oldu\u011fumuzu ifade etmek isterim. \u0130zmir\u2019in b\u00fct\u00fcn kurumlar\u0131yla tar\u0131ma destek vermesi, tar\u0131mda do\u011fru \u00e7al\u0131\u015fmalar\u0131n yap\u0131lmas\u0131 i\u00e7in emek harcamas\u0131 gerekir. \u0130zmir B\u00fcy\u00fck\u015fehir Belediyesi uzun y\u0131llard\u0131r tar\u0131ma; kooperatifler \u00fczerinden, yerle\u015fim birimleri \u00fczerinden elinden gelen deste\u011fi veriyor. Ge\u00e7en y\u0131l 49 binden fazla \u00fcreticiye 250 milyondan fazla destek verdik. Bir k\u0131sm\u0131 ihtiya\u00e7 duyulan tohum, fidan, baz\u0131 hayvansal \u00fcr\u00fcnler gibi kalemlerde oldu. Bir k\u0131s\u0131m da \u00fcr\u00fcn al\u0131m\u0131yla oldu. \u0130zmir\u2019de \u00f6nemli s\u00fct \u00fcretimi var. Yapt\u0131\u011f\u0131m\u0131z al\u0131mlarla \u00fcreticiye destek verdik.  Bu deste\u011fi daha da art\u0131raca\u011f\u0131z&#8221; dedi.<\/p>\n<p>&#8220;Biz de katk\u0131 vermek istiyoruz&#8221;<br \/>\n<br \/>Suyu merkeze alan \u00fcretim planlamas\u0131n\u0131n \u00f6nemine de\u011finen Ba\u015fkan Tugay, &#8220;Tar\u0131m ve Orman Bakanl\u0131\u011f\u0131m\u0131z\u0131n tar\u0131msal \u00fcr\u00fcnleri planlama ile ilgili \u00e7al\u0131\u015fmas\u0131na biz de katk\u0131 vermek istiyoruz. Topra\u011f\u0131n organik i\u00e7eri\u011fi de ciddi oranda kaybedildi. Bu a\u00e7\u0131dan da \u00e7ok de\u011ferli tar\u0131m topraklar\u0131na sahip olan \u015fehrimizin topra\u011f\u0131n\u0131 da korumak y\u00f6n\u00fcnde \u00e7aba g\u00f6stermemiz laz\u0131m. Bizim hedeflerimizden birisi \u015fehrimizin organik at\u0131klar\u0131n\u0131 komposta d\u00f6n\u00fc\u015ft\u00fcrerek tar\u0131m alanlar\u0131nda ya da toprakta kullanmak. Bu alanda \u00e7al\u0131\u015fmak istiyoruz. Su ihtiyac\u0131n\u0131 gidermek, daha dikkatli kullanmak i\u00e7in de B\u00fcy\u00fck\u015fehir Belediyesi\u2019nin, \u0130ZSU\u2019nun \u00f6nemli ad\u0131mlar\u0131 var. Bunlar\u0131n da tar\u0131ma d\u00f6n\u00fck \u00f6nemli faydalar sa\u011flayaca\u011f\u0131n\u0131 d\u00fc\u015f\u00fcn\u00fcyoruz&#8221; dedi.<\/p>\n<p>&#8220;\u0130zmir T\u00fcrkiye\u2019ye \u00f6nc\u00fc olacak \u00e7al\u0131\u015fmalar yapabilir&#8221;<br \/>\n<br \/>Bergama Kozak\u2019ta f\u0131st\u0131k \u00e7amlar\u0131nda, Beyda\u011f\u2019da kestanelerde ya\u015fanan sorunlar\u0131 da dikkatle takip ettiklerini ve \u00e7\u00f6z\u00fcm \u00fcrettiklerini belirten Tugay, &#8220;\u00c7ok \u00f6nemli g\u00f6rd\u00fc\u011f\u00fcm\u00fcz di\u011fer bir \u00e7al\u0131\u015fmam\u0131z da kentsel g\u0131da stratejisi belgesini haz\u0131rlamak. \u00c7a\u011fda\u015f d\u00fcnyada her \u015fehrin, b\u00f6lgenin kendine yetecek tar\u0131msal \u00fcretimi, ak\u0131lc\u0131 t\u00fcketimi planlamas\u0131 gereken kentsel g\u0131da stratejisine ihtiyac\u0131 var. \u0130zmir T\u00fcrkiye\u2019ye \u00f6nc\u00fc olacak \u00e7al\u0131\u015fmalar yapabilir. Kendine yeten b\u00f6lgeler, \u015fehirler, havzalar \u00fczerinden d\u00fcnya gelece\u011fini planlamak durumunda. Burada birbirimizle havzalar \u00fczerinden yapaca\u011f\u0131m\u0131z al\u0131\u015fveri\u015f, d\u00fcnyada ya\u015fam\u0131n s\u00fcrd\u00fcr\u00fclebilir olmas\u0131n\u0131 sa\u011flayacak. Tar\u0131m s\u00fcrd\u00fcr\u00fclebilir olmazsa, g\u0131da konusu s\u00fcrd\u00fcr\u00fclebilir olmazsa ne yaz\u0131k ki d\u00fcnyada ya\u015fam s\u00fcrd\u00fcr\u00fclebilir olmayacak. Herkesin bu bilince sahip olmas\u0131, bu konuya dikkat \u00e7ekmesi gerekiyor&#8221; \u015feklinde konu\u015ftu.<\/p>\n<p>&#8220;Buca Metrosu Fuar \u0130zmir\u2019e uzayacak&#8221;<br \/>\n<br \/>Ba\u015fkan Tugay, Fuar \u0130zmir\u2019in \u00f6nemine vurgu yaparak; &#8220;Birka\u00e7 y\u0131l i\u00e7inde kar\u015f\u0131m\u0131zdaki alanda bir kongre merkezi ile birlikte bir otel in\u015fa edece\u011fiz. Fuar \u0130zmir\u2019e ula\u015f\u0131m\u0131 kolayla\u015ft\u0131rmak i\u00e7in onay\u0131 i\u00e7in \u00e7aba g\u00f6sterdi\u011fimiz di\u011fer bir konu Buca Metrosu\u2019nun buraya kadar gelmesini sa\u011flamak. Yak\u0131n vadede ger\u00e7ekle\u015fecek hedef. Fuara metro ula\u015f\u0131m\u0131n\u0131 da sa\u011flam\u0131\u015f olaca\u011f\u0131z. Bu fuar bizim i\u00e7in k\u0131ymetli&#8221; dedi.<\/p>\n<p>\u015eahin: &#8220;\u00d6nemli bir organizasyon&#8221;<br \/>\n<br \/>\u00dcretim planlamas\u0131, tar\u0131msal \u00fcretimin projeler \u00e7er\u00e7evesinde y\u00fcr\u00fct\u00fclmesi, suyu merkeze alarak \u00fcretim planlamas\u0131n\u0131n yap\u0131lmas\u0131n\u0131n Tar\u0131m ve Orman Bakanl\u0131\u011f\u0131\u2019n\u0131n en \u00f6nemli projesi oldu\u011funu belirten \u0130zmir \u0130l Tar\u0131m ve Orman M\u00fcd\u00fcr\u00fc Mustafa \u015eahin, &#8220;\u0130zmir bir fuarlar kenti. Bu fuarlar kentinde de \u00f6zellikle tar\u0131m alan\u0131ndaki yap\u0131lan fuarlar kendi ad\u0131ndan her zaman s\u00f6z ettiriyor. \u0130zmir asl\u0131nda T\u00fcrkiye\u2019nin en \u00f6nemli \u00fcretim merkezlerinden birisi. Her ne kadar bir sanayi, turizm kenti olarak d\u00fc\u015f\u00fcn\u00fcl\u00fcyorsa da \u0130zmir y\u0131ll\u0131k 1,7 milyon ton s\u00fct \u00fcreten, \u00fclkedeki en kaliteli s\u00fct\u00fc \u00fcreten \u015fehirlerin ba\u015f\u0131nda geliyor. Bu fuar hayvanc\u0131l\u0131\u011f\u0131n gelece\u011fine, sekt\u00f6r\u00fcn ilerlemesine ciddi anlamda \u0131\u015f\u0131k tutaca\u011f\u0131, teknolojilerin tan\u0131t\u0131ld\u0131\u011f\u0131, sekt\u00f6r\u00fcn farkl\u0131 payda\u015flar\u0131n\u0131n i\u015f birli\u011fi i\u00e7inde bir araya geldi\u011fi, f\u0131rsatlar\u0131n de\u011ferlendirildi\u011fi, \u00fcreticinin yeniliklerle bulu\u015ftu\u011fu \u00f6nemli bir organizasyon&#8221; \u015feklinde konu\u015ftu.<\/p>\n<p>Kestelli: &#8220;Tar\u0131m ve hayvanc\u0131l\u0131k \u00fclkemiz i\u00e7in \u00f6nemli&#8221;<br \/>\n<br \/>\u0130zmir Ticaret Borsas\u0131 Y\u00f6netim Kurulu Ba\u015fkan\u0131 I\u015f\u0131nsu Kestelli, &#8220;Tar\u0131m ve hayvanc\u0131l\u0131k \u00fclkemiz i\u00e7in ekonominin yan\u0131nda sosyal dengenin teminat\u0131 olan stratejik bir sekt\u00f6r. Sekt\u00f6r olarak \u00f6n\u00fcn\u00fcn a\u00e7\u0131lmas\u0131na gayret etmek zorunday\u0131z. G\u00fcn\u00fcm\u00fczde t\u00fcm \u00fclkeler, tar\u0131mda kendi kendine yeterli olabilmeyi stratejik bir hedef olarak benimsemi\u015f durumda. Yak\u0131nda resmi a\u00e7\u0131l\u0131\u015f\u0131n\u0131 yapaca\u011f\u0131m\u0131z \u0130zmir Tar\u0131m Teknoloji Merkezimiz ile gelece\u011fe y\u00f6n vermek konusunda etkin bir rol oynayaca\u011f\u0131m\u0131za inan\u0131yoruz&#8221; dedi.<\/p>\n<p>\u00d6zpoyraz: &#8220;M\u00fcthi\u015f bir ba\u015far\u0131&#8221;<br \/>\n<br \/>\u0130zmir Ticaret Odas\u0131 Meclis Ba\u015fkan\u0131 Selami \u00d6zpoyraz, &#8220;AGROEXPO, \u0130zmir i\u00e7in \u00f6nemli bir ba\u015far\u0131 hikayesi. Bir fuar\u0131n fikir a\u015famas\u0131ndan hayata ge\u00e7me s\u00fcreci, uluslararas\u0131 platformda kabul edilmesi geleneksel hale gelmesi ciddi bir emek gerektiriyor. T\u00fcm bunlar g\u00f6z \u00f6n\u00fcnde bulunduruldu\u011funda ortaya 20 y\u0131l\u0131 a\u015fk\u0131n geride b\u0131rakan uluslararas\u0131 etkinlik \u00e7\u0131karmak m\u00fcthi\u015f bir ba\u015far\u0131&#8221; diye konu\u015ftu.<\/p>\n<p>\u00dcr\u00fcn: &#8220;Sekt\u00f6re katk\u0131s\u0131n\u0131n artarak devam etmesini diliyorum&#8221;<br \/>\n<br \/>Ege B\u00f6lgesi Sanayi Odas\u0131 Y\u00f6netim Kurulu Ba\u015fkan Vekili Hakan \u00dcr\u00fcn, &#8220;T\u00fcrkiye\u2019nin en b\u00fcy\u00fck ve nitelikli fuarlar\u0131na ev sahipli\u011fi yapan Fuar \u0130zmir\u2019de Avrupa\u2019n\u0131n d\u00f6rt b\u00fcy\u00fck tar\u0131m fuar\u0131ndan biri olan AGROEXPO\u2019nun 20\u2019ncisinde sizlerle olmaktan mutluluk duyuyorum. 100 bini a\u015fan ziyaret\u00e7i, 500\u2019e yak\u0131n kat\u0131l\u0131mc\u0131 ile ge\u00e7en sene b\u00fcy\u00fck ba\u015far\u0131 sa\u011flayan fuar\u0131n sekt\u00f6re katk\u0131s\u0131n\u0131n artarak devam etmesini diliyorum&#8221; \u015feklinde konu\u015ftu.<\/p>\n<p>Eskinazi: T\u00fcrkiye \u015fampiyonu olduk<br \/>\n<br \/>Ege \u0130hracat\u00e7\u0131 Birlikleri Koordinat\u00f6r Ba\u015fkan\u0131 Jak Eskinazi, &#8220;T\u00fcrkiye 2024 y\u0131l\u0131nda 36 milyar dolarl\u0131k tar\u0131m \u00fcr\u00fcnleri ihra\u00e7 ederken, E\u0130B 7,6 milyar dolarl\u0131k ihracatla T\u00fcrkiye\u2019nin tar\u0131m \u00fcr\u00fcnleri ihracat\u0131n\u0131n y\u00fczde 21\u2019ini tek ba\u015f\u0131na ger\u00e7ekle\u015ftirerek T\u00fcrkiye \u015fampiyonu oldu. 2025 y\u0131l\u0131nda da olumlu e\u011filimin devam edece\u011fine inan\u0131yoruz&#8221; diye konu\u015ftu.<\/p>\n<p>Tan: &#8220;T\u00fcrk insan\u0131 yapmak istedi\u011fi her \u015feyi ba\u015farabilir&#8221;<br \/>\n<br \/>OR\u0130ON Fuarc\u0131l\u0131k A\u015e Y\u00f6netim Kurulu Ba\u015fkan\u0131 Fatih Tan, &#8220;Bizler OR\u0130ON Fuarc\u0131l\u0131k olarak \u00e7ok \u00f6nemli bir vizyonu buraya kadar getirdik. \u0130lk defa T\u00fcrkiye\u2019de bir tar\u0131m fuar\u0131 yap\u0131lmas\u0131 \u00fczerineydi bu \u00e7al\u0131\u015fmam\u0131z. Fuarlar\u0131m\u0131z bug\u00fcn\u00fcn mayas\u0131n\u0131 olu\u015fturdu. Bug\u00fcn fuar\u0131m\u0131z 20. y\u0131l\u0131n\u0131 kutluyor. T\u00fcrk insan\u0131 yapmak istedi\u011fi her \u015feyi ba\u015farabilir&#8221; dedi.<br \/><\/p>\n","protected":false},"excerpt":{"rendered":"<p>T\u00fcrkiye\u2019nin en b\u00fcy\u00fc\u011f\u00fc olan, Avrupa\u2019n\u0131n d\u00f6rt b\u00fcy\u00fck tar\u0131m ve hayvanc\u0131l\u0131k fuar\u0131 aras\u0131nda yer alan AGROEXPO-20. Uluslararas\u0131 Tar\u0131m ve Hayvanc\u0131l\u0131k Fuar\u0131 ba\u015flad\u0131. Tar\u0131m ve hayvanc\u0131l\u0131\u011f\u0131n geli\u015fmesi i\u00e7in \u00fcreticinin her zaman yan\u0131nda olduklar\u0131n\u0131 belirten \u0130zmir B\u00fcy\u00fck\u015fehir Belediye Ba\u015fkan\u0131 Dr. Cemil Tugay, &#8220;Ge\u00e7ti\u011fimiz y\u0131l 49 binden fazla \u00fcreticiye 250 milyondan fazla destek verdik, deste\u011fimizi art\u0131rarak s\u00fcrd\u00fcrece\u011fiz. Tar\u0131m ve&#8230;<\/p>\n","protected":false},"author":1,"featured_media":15456,"comment_status":"open","ping_status":"open","sticky":false,"template":"","format":"standard","meta":{"_crdt_document":"","footnotes":""},"categories":[1],"tags":[],"class_list":["post-15455","post","type-post","status-publish","format-standard","has-post-thumbnail","hentry","category-guncel"],"_links":{"self":[{"href":"https:\/\/www.egemtv.com\/index.php?rest_route=\/wp\/v2\/posts\/15455","targetHints":{"allow":["GET"]}}],"collection":[{"href":"https:\/\/www.egemtv.com\/index.php?rest_route=\/wp\/v2\/posts"}],"about":[{"href":"https:\/\/www.egemtv.com\/index.php?rest_route=\/wp\/v2\/types\/post"}],"author":[{"embeddable":true,"href":"https:\/\/www.egemtv.com\/index.php?rest_route=\/wp\/v2\/users\/1"}],"replies":[{"embeddable":true,"href":"https:\/\/www.egemtv.com\/index.php?rest_route=%2Fwp%2Fv2%2Fcomments&post=15455"}],"version-history":[{"count":1,"href":"https:\/\/www.egemtv.com\/index.php?rest_route=\/wp\/v2\/posts\/15455\/revisions"}],"predecessor-version":[{"id":15457,"href":"https:\/\/www.egemtv.com\/index.php?rest_route=\/wp\/v2\/posts\/15455\/revisions\/15457"}],"wp:featuredmedia":[{"embeddable":true,"href":"https:\/\/www.egemtv.com\/index.php?rest_route=\/wp\/v2\/media\/15456"}],"wp:attachment":[{"href":"https:\/\/www.egemtv.com\/index.php?rest_route=%2Fwp%2Fv2%2Fmedia&parent=15455"}],"wp:term":[{"taxonomy":"category","embeddable":true,"href":"https:\/\/www.egemtv.com\/index.php?rest_route=%2Fwp%2Fv2%2Fcategories&post=15455"},{"taxonomy":"post_tag","embeddable":true,"href":"https:\/\/www.egemtv.com\/index.php?rest_route=%2Fwp%2Fv2%2Ftags&post=15455"}],"curies":[{"name":"wp","href":"https:\/\/api.w.org\/{rel}","templated":true}]}}