{"id":15449,"date":"2025-02-04T17:07:39","date_gmt":"2025-02-04T14:07:39","guid":{"rendered":"https:\/\/www.egemtv.com\/?p=15449"},"modified":"2025-02-04T17:07:43","modified_gmt":"2025-02-04T14:07:43","slug":"baskan-cercioglu-deprem-acil-eylem-plani-toplantisina-katildi","status":"publish","type":"post","link":"https:\/\/www.egemtv.com\/?p=15449","title":{"rendered":"Ba\u015fkan \u00c7er\u00e7io\u011flu, Deprem Acil Eylem Plan\u0131 Toplant\u0131s\u0131\u2019na kat\u0131ld\u0131"},"content":{"rendered":"<p>Ayd\u0131n B\u00fcy\u00fck\u015fehir Belediye Ba\u015fkan\u0131 \u00d6zlem \u00c7er\u00e7io\u011flu, Ege Denizi depremleri sebebiyle \u0130zmir\u2019de ger\u00e7ekle\u015ftirilen Deprem Acil Eylem Plan\u0131 Toplant\u0131s\u0131\u2019na kat\u0131ld\u0131.<br \/>\n<br \/>Ege Denizi\u2019nde ard\u0131 ard\u0131na ya\u015fanan depremler sonras\u0131 Mu\u011fla, Ayd\u0131n, Denizli, Manisa ve \u0130zmir B\u00fcy\u00fck\u015fehir Belediye Ba\u015fkanlar\u0131 \u0130zmir\u2019de CHP Yerel Y\u00f6netimler ve Diren\u00e7li Kentlerden Sorumlu Genel Ba\u015fkan Yard\u0131mc\u0131s\u0131 G\u00f6kan Zeybek koordinesinde \u2019Acil Durum\u2019 toplant\u0131s\u0131 d\u00fczenledi. Meydana gelen y\u00fczlerce depremler ile ilgili g\u00f6r\u00fc\u015fen ba\u015fkanlar, toplant\u0131da durum de\u011ferlendirmesi yaparak al\u0131nabilecek \u00f6nlemler hakk\u0131nda g\u00f6r\u00fc\u015ft\u00fc.<br \/>\n<br \/>Ayd\u0131n B\u00fcy\u00fck\u015fehir Belediye Ba\u015fkan\u0131 \u00d6zlem \u00c7er\u00e7io\u011flu konu ile ilgili yapt\u0131\u011f\u0131 a\u00e7\u0131klamada &#8220;Yerel Y\u00f6netimler ve Diren\u00e7li Kentlerden Sorumlu Genel Ba\u015fkan Yard\u0131mc\u0131m\u0131z G\u00f6kan Zeybek\u2019in koordinesinde, CHP \u0130\u00e7i\u015fleri Bakanl\u0131\u011f\u0131ndan Sorumlu Genel Ba\u015fkan Yard\u0131mc\u0131m\u0131z Murat Bakan, \u0130zmir B\u00fcy\u00fck\u015fehir Belediye Ba\u015fkan\u0131m\u0131z Cemil Tugay, Manisa B\u00fcy\u00fck\u015fehir Belediye Ba\u015fkan\u0131m\u0131z Ferdi Zeyrek, Mu\u011fla B\u00fcy\u00fck\u015fehir Belediye Ba\u015fkan\u0131m\u0131z Ahmet Aras ve Denizli B\u00fcy\u00fck\u015fehir Belediye Ba\u015fkan\u0131m\u0131z B\u00fclent Nuri \u00c7avu\u015fo\u011flu\u2019nun kat\u0131l\u0131m\u0131yla d\u00fczenlenen Deprem Acil Eylem Plan\u0131 Toplant\u0131s\u0131\u2019na kat\u0131ld\u0131k. Ege Denizi ve b\u00f6lgemizdeki sismik hareketlili\u011fi yak\u0131ndan takip ediyor, muhtemel durumlara kar\u015f\u0131 t\u00fcm ekiplerimizle teyakkuz halinde \u00e7al\u0131\u015fmalar\u0131m\u0131z\u0131 s\u00fcrd\u00fcr\u00fcyoruz&#8221; ifadelerine yer verdi.<br \/><\/p>\n","protected":false},"excerpt":{"rendered":"<p>Ayd\u0131n B\u00fcy\u00fck\u015fehir Belediye Ba\u015fkan\u0131 \u00d6zlem \u00c7er\u00e7io\u011flu, Ege Denizi depremleri sebebiyle \u0130zmir\u2019de ger\u00e7ekle\u015ftirilen Deprem Acil Eylem Plan\u0131 Toplant\u0131s\u0131\u2019na kat\u0131ld\u0131. Ege Denizi\u2019nde ard\u0131 ard\u0131na ya\u015fanan depremler sonras\u0131 Mu\u011fla, Ayd\u0131n, Denizli, Manisa ve \u0130zmir B\u00fcy\u00fck\u015fehir Belediye Ba\u015fkanlar\u0131 \u0130zmir\u2019de CHP Yerel Y\u00f6netimler ve Diren\u00e7li Kentlerden Sorumlu Genel Ba\u015fkan Yard\u0131mc\u0131s\u0131 G\u00f6kan Zeybek koordinesinde \u2019Acil Durum\u2019 toplant\u0131s\u0131 d\u00fczenledi. Meydana gelen y\u00fczlerce&#8230;<\/p>\n","protected":false},"author":1,"featured_media":15450,"comment_status":"open","ping_status":"open","sticky":false,"template":"","format":"standard","meta":{"_crdt_document":"","footnotes":""},"categories":[1],"tags":[],"class_list":["post-15449","post","type-post","status-publish","format-standard","has-post-thumbnail","hentry","category-guncel"],"_links":{"self":[{"href":"https:\/\/www.egemtv.com\/index.php?rest_route=\/wp\/v2\/posts\/15449","targetHints":{"allow":["GET"]}}],"collection":[{"href":"https:\/\/www.egemtv.com\/index.php?rest_route=\/wp\/v2\/posts"}],"about":[{"href":"https:\/\/www.egemtv.com\/index.php?rest_route=\/wp\/v2\/types\/post"}],"author":[{"embeddable":true,"href":"https:\/\/www.egemtv.com\/index.php?rest_route=\/wp\/v2\/users\/1"}],"replies":[{"embeddable":true,"href":"https:\/\/www.egemtv.com\/index.php?rest_route=%2Fwp%2Fv2%2Fcomments&post=15449"}],"version-history":[{"count":1,"href":"https:\/\/www.egemtv.com\/index.php?rest_route=\/wp\/v2\/posts\/15449\/revisions"}],"predecessor-version":[{"id":15451,"href":"https:\/\/www.egemtv.com\/index.php?rest_route=\/wp\/v2\/posts\/15449\/revisions\/15451"}],"wp:featuredmedia":[{"embeddable":true,"href":"https:\/\/www.egemtv.com\/index.php?rest_route=\/wp\/v2\/media\/15450"}],"wp:attachment":[{"href":"https:\/\/www.egemtv.com\/index.php?rest_route=%2Fwp%2Fv2%2Fmedia&parent=15449"}],"wp:term":[{"taxonomy":"category","embeddable":true,"href":"https:\/\/www.egemtv.com\/index.php?rest_route=%2Fwp%2Fv2%2Fcategories&post=15449"},{"taxonomy":"post_tag","embeddable":true,"href":"https:\/\/www.egemtv.com\/index.php?rest_route=%2Fwp%2Fv2%2Ftags&post=15449"}],"curies":[{"name":"wp","href":"https:\/\/api.w.org\/{rel}","templated":true}]}}