{"id":15446,"date":"2025-02-04T16:41:07","date_gmt":"2025-02-04T13:41:07","guid":{"rendered":"https:\/\/www.egemtv.com\/?p=15446"},"modified":"2025-02-04T16:41:12","modified_gmt":"2025-02-04T13:41:12","slug":"aydinda-taekwondo-dalinda-2025-yili-birinci-donem-kusak-sinavlari-yapildi","status":"publish","type":"post","link":"https:\/\/www.egemtv.com\/?p=15446","title":{"rendered":"Ayd\u0131n\u2019da taekwondo dal\u0131nda 2025 y\u0131l\u0131 birinci d\u00f6nem ku\u015fak s\u0131navlar\u0131 yap\u0131ld\u0131"},"content":{"rendered":"<p>Ayd\u0131n\u2019da faaliyet g\u00f6steren taekwondo kul\u00fcpleri 2025 y\u0131l\u0131 birinci d\u00f6nem ku\u015fak s\u0131navlar\u0131n\u0131 ba\u015far\u0131yla tamamlad\u0131.<\/p>\n<p>T\u00fcrkiye Taekwondo Ayd\u0131n \u0130l Temsilcili\u011fi 2 spor kul\u00fcb\u00fc ile birlikte ger\u00e7ekle\u015ftirilen ku\u015fak s\u0131navlar\u0131n\u0131n sporcular\u0131n azmi ve disipliniyle dolu bir s\u00fcrecin ard\u0131ndan ba\u015far\u0131yla sonu\u00e7land\u0131\u011f\u0131n\u0131 belirtti. T\u00fcrkiye Taekwondo Ayd\u0131n \u0130l Temsilcisi Bahad\u0131r Yorganc\u0131 s\u0131nav s\u00fcrecine ili\u015fkin yapt\u0131\u011f\u0131 de\u011ferlendirmede, &#8220;Taekwondo, sadece bir spor dal\u0131 de\u011fil, ayn\u0131 zamanda disiplin, sayg\u0131 ve \u00f6zveri gerektiren bir ya\u015fam bi\u00e7imidir. Sporcular\u0131m\u0131z\u0131n bu ruhla kendilerini geli\u015ftirmesi bizler i\u00e7in b\u00fcy\u00fck bir gurur kayna\u011f\u0131. 2025 y\u0131l\u0131 1. d\u00f6nem ku\u015fak s\u0131navlar\u0131n\u0131 ba\u015far\u0131yla tamamlayan t\u00fcm kul\u00fcplerimizi ve sporcular\u0131m\u0131z\u0131 tebrik ediyorum. Bu s\u00fcre\u00e7te b\u00fcy\u00fck emek harcayan antren\u00f6rlerimize ve sporcular\u0131m\u0131za te\u015fekk\u00fcr ediyorum&#8221; dedi.<\/p>\n<p>Bu \u00f6nemli s\u00fcre\u00e7te emek veren spor kul\u00fcplerinin antren\u00f6rleri, Erdal Toksoy, Ege Gezgin ve Denizhan Gezgin\u2019e \u00f6zverili \u00e7al\u0131\u015fmalar\u0131 i\u00e7in te\u015fekk\u00fcr eden Yorganc\u0131, &#8220;Onlar\u0131n katk\u0131lar\u0131yla taekwondo camiam\u0131z\u0131n her ge\u00e7en g\u00fcn daha da g\u00fc\u00e7lendi\u011fine inan\u0131yoruz&#8221; diye konu\u015ftu.<\/p>\n<p>Yorganc\u0131, ba\u015far\u0131lar\u0131yla kendilerini gururland\u0131ran t\u00fcm sporcular\u0131 kutlayarak taekwondo bran\u015f\u0131nda Ayd\u0131n\u2019da geli\u015fimi s\u00fcrd\u00fcrmek ad\u0131na \u00e7al\u0131\u015fmalar\u0131na kararl\u0131l\u0131kla devam edeceklerini belirtti.<br \/><\/p>\n","protected":false},"excerpt":{"rendered":"<p>Ayd\u0131n\u2019da faaliyet g\u00f6steren taekwondo kul\u00fcpleri 2025 y\u0131l\u0131 birinci d\u00f6nem ku\u015fak s\u0131navlar\u0131n\u0131 ba\u015far\u0131yla tamamlad\u0131. T\u00fcrkiye Taekwondo Ayd\u0131n \u0130l Temsilcili\u011fi 2 spor kul\u00fcb\u00fc ile birlikte ger\u00e7ekle\u015ftirilen ku\u015fak s\u0131navlar\u0131n\u0131n sporcular\u0131n azmi ve disipliniyle dolu bir s\u00fcrecin ard\u0131ndan ba\u015far\u0131yla sonu\u00e7land\u0131\u011f\u0131n\u0131 belirtti. T\u00fcrkiye Taekwondo Ayd\u0131n \u0130l Temsilcisi Bahad\u0131r Yorganc\u0131 s\u0131nav s\u00fcrecine ili\u015fkin yapt\u0131\u011f\u0131 de\u011ferlendirmede, &#8220;Taekwondo, sadece bir spor dal\u0131 de\u011fil,&#8230;<\/p>\n","protected":false},"author":1,"featured_media":15447,"comment_status":"open","ping_status":"open","sticky":false,"template":"","format":"standard","meta":{"_crdt_document":"","footnotes":""},"categories":[4],"tags":[],"class_list":["post-15446","post","type-post","status-publish","format-standard","has-post-thumbnail","hentry","category-spor"],"_links":{"self":[{"href":"https:\/\/www.egemtv.com\/index.php?rest_route=\/wp\/v2\/posts\/15446","targetHints":{"allow":["GET"]}}],"collection":[{"href":"https:\/\/www.egemtv.com\/index.php?rest_route=\/wp\/v2\/posts"}],"about":[{"href":"https:\/\/www.egemtv.com\/index.php?rest_route=\/wp\/v2\/types\/post"}],"author":[{"embeddable":true,"href":"https:\/\/www.egemtv.com\/index.php?rest_route=\/wp\/v2\/users\/1"}],"replies":[{"embeddable":true,"href":"https:\/\/www.egemtv.com\/index.php?rest_route=%2Fwp%2Fv2%2Fcomments&post=15446"}],"version-history":[{"count":1,"href":"https:\/\/www.egemtv.com\/index.php?rest_route=\/wp\/v2\/posts\/15446\/revisions"}],"predecessor-version":[{"id":15448,"href":"https:\/\/www.egemtv.com\/index.php?rest_route=\/wp\/v2\/posts\/15446\/revisions\/15448"}],"wp:featuredmedia":[{"embeddable":true,"href":"https:\/\/www.egemtv.com\/index.php?rest_route=\/wp\/v2\/media\/15447"}],"wp:attachment":[{"href":"https:\/\/www.egemtv.com\/index.php?rest_route=%2Fwp%2Fv2%2Fmedia&parent=15446"}],"wp:term":[{"taxonomy":"category","embeddable":true,"href":"https:\/\/www.egemtv.com\/index.php?rest_route=%2Fwp%2Fv2%2Fcategories&post=15446"},{"taxonomy":"post_tag","embeddable":true,"href":"https:\/\/www.egemtv.com\/index.php?rest_route=%2Fwp%2Fv2%2Ftags&post=15446"}],"curies":[{"name":"wp","href":"https:\/\/api.w.org\/{rel}","templated":true}]}}