{"id":15443,"date":"2025-02-04T16:41:02","date_gmt":"2025-02-04T13:41:02","guid":{"rendered":"https:\/\/www.egemtv.com\/?p=15443"},"modified":"2025-02-04T16:41:07","modified_gmt":"2025-02-04T13:41:07","slug":"milletvekili-un-atanmis-kisilere-bu-derece-yetki-taninmasi-siyasi-suistimallere-neden-olabilir","status":"publish","type":"post","link":"https:\/\/www.egemtv.com\/?p=15443","title":{"rendered":"Milletvekili \u00dcn: &#8220;Atanm\u0131\u015f ki\u015filere bu derece yetki tan\u0131nmas\u0131 siyasi suistimallere neden olabilir&#8221;"},"content":{"rendered":"<p>Gelecek Partisi Denizli Milletvekili Sema Silkin \u00dcn, Meclis\u2019te g\u00f6r\u00fc\u015f\u00fclen torba yasayla ilgili olarak yapt\u0131\u011f\u0131 konu\u015fmada, &#8220;Sivil toplum \u00f6rg\u00fctleri ve vak\u0131flar art\u0131k \u00f6zg\u00fcrce faaliyet y\u00fcr\u00fctemeyecekler, iktidarla e\u015f g\u00fcd\u00fcml\u00fc \u00e7al\u0131\u015fmayan STK\u2019lar her an keyfi denetim ve kapatma tehdidiyle kar\u015f\u0131 kar\u015f\u0131ya kalacaklar&#8221; dedi.<br \/>\n<br \/>T\u00fcrkiye B\u00fcy\u00fck Millet Meclisi (TBMM) s\u00f6mestir tatili nedeniyle verdi\u011fi aran\u0131n ard\u0131ndan tekrar \u00e7al\u0131\u015fmalar ve g\u00f6r\u00fc\u015f\u00fclmeler ba\u015flad\u0131. Denizli Milletvekili Sema Silkin \u00dcn, g\u00f6r\u00fc\u015fmelerine ba\u015flan\u0131lan baz\u0131 kanunlarda de\u011fi\u015fiklik yap\u0131lmas\u0131na dair kanun teklifi \u00fczerine s\u00f6z ald\u0131. Torba yasa ile tekrar g\u00fcndeme getirilen Devlet Denetleme Kurulunun (DDK) yetkilerini geni\u015fletilmesiyle ilgili maddenin yasala\u015fmas\u0131 halinde sivil toplum \u00f6rg\u00fctleri ve vak\u0131flar\u0131n art\u0131k \u00f6zg\u00fcrce faaliyet y\u00fcr\u00fctemeyeceklerini iktidarla e\u015f g\u00fcd\u00fcml\u00fc \u00e7al\u0131\u015fmayan STK\u2019lar her an keyfi denetim ve kapatma tehdidiyle kar\u015f\u0131 kar\u015f\u0131ya kalabileceklerini savunan Milletvekili \u00dcn, &#8220;DDK yarg\u0131n\u0131n yetkisini elinden alarak do\u011frudan kamu g\u00f6revlilerini g\u00f6revden uzakla\u015ft\u0131rabilecek, b\u00fcrokraside ve sivil toplumda iktidara muhalif kimse b\u0131rakmayacak. Anayasa Mahkemesinin iptal etti\u011fi yetkiler kanun de\u011fi\u015fikli\u011fiyle geri getirilmi\u015f olacak. Hukukun \u00fcst\u00fcnl\u00fc\u011f\u00fc ve anayasal denetim tamamen yok olmu\u015f olacak. \u015eimdi, bu d\u00fczenlemeyle diyorsunuz ki; Devlet Denetleme Kurulunun yetkilerini Anayasa\u2019n\u0131n \u00f6ng\u00f6rmedi\u011fi \u015fekilde geni\u015fletiyoruz. Diyorsunuz ki; Devlet Denetleme Kurulu eliyle yarg\u0131y\u0131 aradan \u00e7\u0131kar\u0131larak kurum ve kurulu\u015flar\u0131n i\u015ftiraklerine soru\u015fturma ba\u015flatabiliriz. Diyorsunuz ki; Her kademe ve r\u00fctbedeki g\u00f6revliler hakk\u0131nda g\u00f6revden uzakla\u015ft\u0131rma yetkisi verebiliriz. \u0130\u015fin \u00f6z\u00fc asl\u0131nda ne diyorsunuz biliyor musunuz? Kendimizi yarg\u0131 yerine koyacak talimat\u0131m\u0131zla yarg\u0131s\u0131z infaz yapabilece\u011fiz diyorsunuz&#8221; diye konu\u015ftu.<\/p>\n<p>&#8220;Siyasi suistimale a\u00e7\u0131k&#8221;<br \/>\n<br \/>Yap\u0131lmak istenilen d\u00fczenlemedeki yetkilerin siyasi suistimale a\u00e7\u0131k oldu\u011funu s\u00f6yleyen Milletvekili \u00dcn, &#8220;Atanm\u0131\u015f ki\u015filere bu derece yetki tan\u0131nmas\u0131, emir ald\u0131klar\u0131 makamlar\u0131n siyasi g\u00fcc\u00fcne g\u00fc\u00e7 katmay\u0131, keyfekeder giri\u015fimleri me\u015frula\u015ft\u0131rmay\u0131 hedeflemektedir. Y\u00fcce Meclisimiz de buna asla alet olmamal\u0131d\u0131r. Bu terazi g\u00fcn gelip sizleri de sizlerin se\u00e7tiklerini de atad\u0131klar\u0131n\u0131 da tartacakt\u0131r. T\u00fcrkiye siyasetini, se\u00e7menlerini ve sivil toplum iradesini teslim almak, alicengiz oyunlar\u0131na yasal k\u0131l\u0131flar \u00fcretmekten ba\u015fka bir i\u015fe yaramayacakt\u0131r. Yetkili makamlar\u0131n almas\u0131 gereken kararlar\u0131 postac\u0131 k\u0131l\u0131nm\u0131\u015f birka\u00e7 denet\u00e7inin uhdesine b\u0131rakacakt\u0131r. Hukukun \u00fcst\u00fcnl\u00fc\u011f\u00fc ve ba\u011f\u0131ms\u0131z denetimin ruhu ortadan kald\u0131r\u0131lm\u0131\u015f olacakt\u0131r. Bu sivil toplumun bask\u0131lanmas\u0131, se\u00e7ilmi\u015flerin bask\u0131lanmas\u0131, toplumun g\u00f6n\u00fcll\u00fc kurulu\u015flar\u0131n\u0131n 28 \u015eubat zihniyetini hat\u0131rlat\u0131r tarzda g\u00f6revlerini yapamaz hale getirilmesidir&#8221; ifadelerini kulland\u0131.<\/p>\n<p>&#8220;Sivil toplumun tepesinde k\u0131l\u0131\u00e7 sallan\u0131l\u0131yor&#8221;<br \/>\n<br \/>G\u00f6r\u00fc\u015f\u00fclmekte olan teklifin sivil toplumun tepesinde k\u0131l\u0131\u00e7 salland\u0131rma giri\u015fimi oldu\u011funu savunan \u00dcn, &#8220;\u0130ktidar art\u0131k devlet ve h\u00fck\u00fcmet kavramlar\u0131n\u0131 birbirinden ay\u0131rt etmedi\u011fi i\u00e7in politikalar\u0131na y\u00f6nelik ele\u015ftirileri devlete muhaliflikle e\u015f tutmakta, buna g\u00f6re de muamele etmekte. Onun i\u00e7in bu d\u00fczenlemeden sonra g\u00f6sterece\u011fi refleks de devletin de\u011fil, H\u00fck\u00fcmetin siyasi refleksi olacakt\u0131r. Bu teklif sivil toplumun tepesinde bir k\u0131l\u0131\u00e7 salland\u0131rma giri\u015fimidir. Bu teklif ba\u011f\u0131ms\u0131z sivil toplum kurulu\u015flar\u0131n\u0131 H\u00fck\u00fcmetin keyfi denetimine tabi tutma giri\u015fimidir. Bu teklif toplumsal muhalefeti g\u00f6\u011f\u00fcsleyen sivil toplum kurulu\u015flar\u0131n\u0131 susturma giri\u015fimidir. H\u00fck\u00fcmetin \u00e7\u0131karlar\u0131na ters d\u00fc\u015fen sivil toplum kurulu\u015flar\u0131na kayyum atanabilecek, se\u00e7ilmi\u015f y\u00f6neticileri bir telefonla harekete ge\u00e7ecek olan DDK eliyle g\u00f6revden uzakla\u015ft\u0131r\u0131labilecek. Mesele o kadar vahim i\u015fte. Biz Gelecek Partisi milletvekilleri olarak \u00fclkemize bedel \u00f6detecek bu kanun teklifine net olarak \u2019hay\u0131r\u2019 oyu verece\u011fiz. Sizi de pi\u015fmanl\u0131k duyaca\u011f\u0131n\u0131z g\u00fcn gelmeden dostlar\u0131n\u0131z olarak uyar\u0131yor, \u2019hay\u0131r\u2019 demeye, bu kanun teklifini geri \u00e7ekmeye davet ediyorum&#8221; dedi.<br \/><\/p>\n","protected":false},"excerpt":{"rendered":"<p>Gelecek Partisi Denizli Milletvekili Sema Silkin \u00dcn, Meclis\u2019te g\u00f6r\u00fc\u015f\u00fclen torba yasayla ilgili olarak yapt\u0131\u011f\u0131 konu\u015fmada, &#8220;Sivil toplum \u00f6rg\u00fctleri ve vak\u0131flar art\u0131k \u00f6zg\u00fcrce faaliyet y\u00fcr\u00fctemeyecekler, iktidarla e\u015f g\u00fcd\u00fcml\u00fc \u00e7al\u0131\u015fmayan STK\u2019lar her an keyfi denetim ve kapatma tehdidiyle kar\u015f\u0131 kar\u015f\u0131ya kalacaklar&#8221; dedi. T\u00fcrkiye B\u00fcy\u00fck Millet Meclisi (TBMM) s\u00f6mestir tatili nedeniyle verdi\u011fi aran\u0131n ard\u0131ndan tekrar \u00e7al\u0131\u015fmalar ve g\u00f6r\u00fc\u015f\u00fclmeler&#8230;<\/p>\n","protected":false},"author":1,"featured_media":15444,"comment_status":"open","ping_status":"open","sticky":false,"template":"","format":"standard","meta":{"_crdt_document":"","footnotes":""},"categories":[127],"tags":[],"class_list":["post-15443","post","type-post","status-publish","format-standard","has-post-thumbnail","hentry","category-siyaset"],"_links":{"self":[{"href":"https:\/\/www.egemtv.com\/index.php?rest_route=\/wp\/v2\/posts\/15443","targetHints":{"allow":["GET"]}}],"collection":[{"href":"https:\/\/www.egemtv.com\/index.php?rest_route=\/wp\/v2\/posts"}],"about":[{"href":"https:\/\/www.egemtv.com\/index.php?rest_route=\/wp\/v2\/types\/post"}],"author":[{"embeddable":true,"href":"https:\/\/www.egemtv.com\/index.php?rest_route=\/wp\/v2\/users\/1"}],"replies":[{"embeddable":true,"href":"https:\/\/www.egemtv.com\/index.php?rest_route=%2Fwp%2Fv2%2Fcomments&post=15443"}],"version-history":[{"count":1,"href":"https:\/\/www.egemtv.com\/index.php?rest_route=\/wp\/v2\/posts\/15443\/revisions"}],"predecessor-version":[{"id":15445,"href":"https:\/\/www.egemtv.com\/index.php?rest_route=\/wp\/v2\/posts\/15443\/revisions\/15445"}],"wp:featuredmedia":[{"embeddable":true,"href":"https:\/\/www.egemtv.com\/index.php?rest_route=\/wp\/v2\/media\/15444"}],"wp:attachment":[{"href":"https:\/\/www.egemtv.com\/index.php?rest_route=%2Fwp%2Fv2%2Fmedia&parent=15443"}],"wp:term":[{"taxonomy":"category","embeddable":true,"href":"https:\/\/www.egemtv.com\/index.php?rest_route=%2Fwp%2Fv2%2Fcategories&post=15443"},{"taxonomy":"post_tag","embeddable":true,"href":"https:\/\/www.egemtv.com\/index.php?rest_route=%2Fwp%2Fv2%2Ftags&post=15443"}],"curies":[{"name":"wp","href":"https:\/\/api.w.org\/{rel}","templated":true}]}}