{"id":15440,"date":"2025-02-04T16:35:20","date_gmt":"2025-02-04T13:35:20","guid":{"rendered":"https:\/\/www.egemtv.com\/?p=15440"},"modified":"2025-02-04T16:35:27","modified_gmt":"2025-02-04T13:35:27","slug":"mugla-buyuksehir-belediyesi-deprem-kriz-masasi-olusturdu","status":"publish","type":"post","link":"https:\/\/www.egemtv.com\/?p=15440","title":{"rendered":"Mu\u011fla B\u00fcy\u00fck\u015fehir Belediyesi deprem kriz masas\u0131 olu\u015fturdu"},"content":{"rendered":"<p>Ege Denizi\u2019nde meydana gelen deprem f\u0131rt\u0131nas\u0131n\u0131n ard\u0131ndan, riskli iller aras\u0131nda yer alan Mu\u011fla\u2019da olmas\u0131 ihtimal tehditlere kar\u015f\u0131 \u00f6nlem almak amac\u0131yla Mu\u011fla B\u00fcy\u00fck\u015fehir Belediyesi taraf\u0131ndan kriz masas\u0131 olu\u015fturuldu.<br \/>\n<br \/>AFAD ve il\u00e7e belediyeleri ile koordinasyon sa\u011flanacak<br \/>\n<br \/>Mu\u011fla B\u00fcy\u00fck\u015fehir Belediyesi \u00f6nc\u00fcl\u00fc\u011f\u00fcnde olu\u015fturulan kriz masas\u0131, AFAD ve 13 il\u00e7e belediyesi ve t\u00fcm ilgili kurumlarla koordineli bir \u015fekilde \u00e7al\u0131\u015farak olmas\u0131 ihtimal depremin etkilerini en aza indirmek i\u00e7in kapsaml\u0131 bir risk analizi ger\u00e7ekle\u015ftirecek. Bu \u00e7er\u00e7evede, b\u00f6lgedeki kritik noktalar belirlenerek acil m\u00fcdahale planlar\u0131 masaya yat\u0131r\u0131lacak.<br \/>\n<br \/>Deprem riskine kar\u015f\u0131 acil toplanma alanlar\u0131 belirlendi<br \/>\n<br \/>Deprem ihtimaline kar\u015f\u0131 Mu\u011fla B\u00fcy\u00fck\u015fehir Belediyesi kent genelinde yetkili kurumlarla acil toplanma alanlar\u0131n\u0131 belirledi. Bu kapsamda 13 il\u00e7ede 617 acil toplanma alan\u0131 belirledi. Sahada fiziki uygunluk a\u00e7\u0131s\u0131ndan de\u011ferlendirilen b\u00f6lgelerde eksik tabelalar\u0131n yenilenmesi ve mevcut tabelalar\u0131n bak\u0131m\u0131 i\u00e7in \u00e7al\u0131\u015fmalar h\u0131z kazand\u0131.<br \/>\n<br \/>Mu\u011fla genelinde ki\u015fi ba\u015f\u0131na d\u00fc\u015fen acil toplanma alan\u0131 3,98 metrekare olarak belirlenirken olmas\u0131 ihtimal bir afet durumunda kullan\u0131lmak \u00fczere 37 ge\u00e7ici bar\u0131nma alan\u0131 olu\u015fturuldu. Kamp alanlar\u0131nda \u00e7ad\u0131r, battaniye, yast\u0131k, \u00e7ar\u015faf, bot ve k\u0131yafet gibi temel ya\u015fam malzemelerinin bulundu\u011fu d\u00f6rt adet konteyner haz\u0131r hale getirildi.<br \/>\n<br \/>B\u00fcy\u00fck\u015fehir depreme kar\u015f\u0131 h\u0131zl\u0131 m\u00fcdahale i\u00e7in t\u00fcm haz\u0131rl\u0131klar\u0131n\u0131 g\u00fc\u00e7lendiriyor<br \/>\n<br \/>Afet durumlar\u0131nda olu\u015fabilecek ihtiya\u00e7lar\u0131n toplanarak afetzedelere ula\u015ft\u0131r\u0131lmas\u0131 amac\u0131yla Mu\u011fla genelinde 6 farkl\u0131 noktada yard\u0131m merkezleri olu\u015fturuldu. Bu merkezlerde toplanacak yard\u0131mlar\u0131n kay\u0131t alt\u0131na al\u0131nmas\u0131 ve etkin bir \u015fekilde da\u011f\u0131t\u0131lmas\u0131 i\u00e7in gerekli altyap\u0131 \u00e7al\u0131\u015fmalar\u0131 tamamland\u0131. Mu\u011fla B\u00fcy\u00fck\u015fehir Belediyesi, deprem ihtimaline kar\u015f\u0131 bar\u0131nma \u00e7ad\u0131r\u0131, uyku tulumu, konteyner mutfak, \u0131s\u0131t\u0131c\u0131, ocak, yast\u0131k ve nevresim tak\u0131m\u0131 gibi temel ihtiya\u00e7 malzemelerini envanterine ekleyerek afet sonras\u0131 h\u0131zl\u0131 m\u00fcdahale kapasitesini art\u0131rd\u0131.<br \/>\n<br \/>Ayr\u0131ca, kriz anlar\u0131nda ileti\u015fim kesintilerinin \u00f6n\u00fcne ge\u00e7mek amac\u0131yla 14 uydu telefonu ve telsiz sistemi kurulumu ger\u00e7ekle\u015ftirildi. B\u00f6ylece, afet s\u0131ras\u0131nda kesintisiz ve sa\u011fl\u0131kl\u0131 haberle\u015fme sa\u011flanarak koordinasyon s\u00fcre\u00e7lerinin aksat\u0131lmadan y\u00fcr\u00fct\u00fclmesi hedefleniyor.<br \/>\n<br \/>Ba\u015fkan Aras: &#8220;Depreme kar\u015f\u0131 haz\u0131rl\u0131kl\u0131 olmal\u0131y\u0131z&#8221;<br \/>\n<br \/>Ba\u015fkan Aras, depreme kar\u015f\u0131 al\u0131nacak \u00f6nlemlerin hayati \u00f6nem ta\u015f\u0131d\u0131\u011f\u0131n\u0131 belirterek, &#8220;Ege Denizi\u2019nde meydana gelen sars\u0131nt\u0131lar, b\u00f6lgedeki deprem ger\u00e7e\u011fini bir kez daha g\u00f6zler \u00f6n\u00fcne serdi. Mu\u011fla\u2019n\u0131n deprem ku\u015fa\u011f\u0131nda yer ald\u0131\u011f\u0131 bilinciyle hareket ederek, il\u00e7e belediyelerimiz ve AFAD ile koordinasyon i\u00e7inde \u00e7al\u0131\u015fmalar\u0131m\u0131z\u0131 s\u00fcrd\u00fcr\u00fcyoruz. \u00d6ncelikli hedefimiz, halk\u0131m\u0131z\u0131n g\u00fcvenli\u011fini en \u00fcst d\u00fczeyde sa\u011flamak ve olmas\u0131 ihtimal riskleri minimize etmektir&#8221; dedi.<br \/><\/p>\n","protected":false},"excerpt":{"rendered":"<p>Ege Denizi\u2019nde meydana gelen deprem f\u0131rt\u0131nas\u0131n\u0131n ard\u0131ndan, riskli iller aras\u0131nda yer alan Mu\u011fla\u2019da olmas\u0131 ihtimal tehditlere kar\u015f\u0131 \u00f6nlem almak amac\u0131yla Mu\u011fla B\u00fcy\u00fck\u015fehir Belediyesi taraf\u0131ndan kriz masas\u0131 olu\u015fturuldu. AFAD ve il\u00e7e belediyeleri ile koordinasyon sa\u011flanacak Mu\u011fla B\u00fcy\u00fck\u015fehir Belediyesi \u00f6nc\u00fcl\u00fc\u011f\u00fcnde olu\u015fturulan kriz masas\u0131, AFAD ve 13 il\u00e7e belediyesi ve t\u00fcm ilgili kurumlarla koordineli bir \u015fekilde \u00e7al\u0131\u015farak olmas\u0131&#8230;<\/p>\n","protected":false},"author":1,"featured_media":15441,"comment_status":"open","ping_status":"open","sticky":false,"template":"","format":"standard","meta":{"_crdt_document":"","footnotes":""},"categories":[1],"tags":[],"class_list":["post-15440","post","type-post","status-publish","format-standard","has-post-thumbnail","hentry","category-guncel"],"_links":{"self":[{"href":"https:\/\/www.egemtv.com\/index.php?rest_route=\/wp\/v2\/posts\/15440","targetHints":{"allow":["GET"]}}],"collection":[{"href":"https:\/\/www.egemtv.com\/index.php?rest_route=\/wp\/v2\/posts"}],"about":[{"href":"https:\/\/www.egemtv.com\/index.php?rest_route=\/wp\/v2\/types\/post"}],"author":[{"embeddable":true,"href":"https:\/\/www.egemtv.com\/index.php?rest_route=\/wp\/v2\/users\/1"}],"replies":[{"embeddable":true,"href":"https:\/\/www.egemtv.com\/index.php?rest_route=%2Fwp%2Fv2%2Fcomments&post=15440"}],"version-history":[{"count":1,"href":"https:\/\/www.egemtv.com\/index.php?rest_route=\/wp\/v2\/posts\/15440\/revisions"}],"predecessor-version":[{"id":15442,"href":"https:\/\/www.egemtv.com\/index.php?rest_route=\/wp\/v2\/posts\/15440\/revisions\/15442"}],"wp:featuredmedia":[{"embeddable":true,"href":"https:\/\/www.egemtv.com\/index.php?rest_route=\/wp\/v2\/media\/15441"}],"wp:attachment":[{"href":"https:\/\/www.egemtv.com\/index.php?rest_route=%2Fwp%2Fv2%2Fmedia&parent=15440"}],"wp:term":[{"taxonomy":"category","embeddable":true,"href":"https:\/\/www.egemtv.com\/index.php?rest_route=%2Fwp%2Fv2%2Fcategories&post=15440"},{"taxonomy":"post_tag","embeddable":true,"href":"https:\/\/www.egemtv.com\/index.php?rest_route=%2Fwp%2Fv2%2Ftags&post=15440"}],"curies":[{"name":"wp","href":"https:\/\/api.w.org\/{rel}","templated":true}]}}