{"id":15437,"date":"2025-02-04T16:31:42","date_gmt":"2025-02-04T13:31:42","guid":{"rendered":"https:\/\/www.egemtv.com\/?p=15437"},"modified":"2025-02-04T16:31:47","modified_gmt":"2025-02-04T13:31:47","slug":"santorinide-52-buyuklugundeki-deprem-izmiri-salladi","status":"publish","type":"post","link":"https:\/\/www.egemtv.com\/?p=15437","title":{"rendered":"Santorini\u2019de 5,2 b\u00fcy\u00fckl\u00fc\u011f\u00fcndeki deprem \u0130zmir\u2019i sallad\u0131"},"content":{"rendered":"<p>Son bir haftad\u0131r deprem f\u0131rt\u0131nas\u0131 ya\u015fanan Ege Denizi Santorini Adas\u0131 yak\u0131nlar\u0131nda 5,2 b\u00fcy\u00fckl\u00fc\u011f\u00fcnde deprem meydana geldi. Sars\u0131nt\u0131 \u0130zmir\u2019de de hissedildi.<br \/>\n<br \/>Ege Denizi\u2019nde Santorini Adas\u0131\u2019n\u0131n kuzeydo\u011fusunda son bir hafta i\u00e7erisinde en b\u00fcy\u00fc\u011f\u00fc 4,9 olan 500\u2019\u00fcn \u00fczerinde sars\u0131nt\u0131 meydana geldi. Deprem f\u0131rt\u0131nas\u0131 ya\u015fanan b\u00f6lgede, AFAD\u2019\u0131n yapt\u0131\u011f\u0131 a\u00e7\u0131klamaya g\u00f6re bug\u00fcn saat 16,04 s\u0131ralar\u0131nda 5,2 b\u00fcy\u00fckl\u00fc\u011f\u00fcnde sars\u0131nt\u0131 ya\u015fand\u0131. Y\u00fczlerce kilometre mesafede meydana gelen deprem \u0130zmir\u2019de de hissedildi. \u00d6zellikle y\u00fcksek katlarda bulunan vatanda\u015flar, panik ya\u015farken baz\u0131 vatanda\u015flar daha g\u00fcvende olabilecekleri a\u00e7\u0131k alanlar\u0131 tercih etti.<br \/><\/p>\n","protected":false},"excerpt":{"rendered":"<p>Son bir haftad\u0131r deprem f\u0131rt\u0131nas\u0131 ya\u015fanan Ege Denizi Santorini Adas\u0131 yak\u0131nlar\u0131nda 5,2 b\u00fcy\u00fckl\u00fc\u011f\u00fcnde deprem meydana geldi. Sars\u0131nt\u0131 \u0130zmir\u2019de de hissedildi. Ege Denizi\u2019nde Santorini Adas\u0131\u2019n\u0131n kuzeydo\u011fusunda son bir hafta i\u00e7erisinde en b\u00fcy\u00fc\u011f\u00fc 4,9 olan 500\u2019\u00fcn \u00fczerinde sars\u0131nt\u0131 meydana geldi. Deprem f\u0131rt\u0131nas\u0131 ya\u015fanan b\u00f6lgede, AFAD\u2019\u0131n yapt\u0131\u011f\u0131 a\u00e7\u0131klamaya g\u00f6re bug\u00fcn saat 16,04 s\u0131ralar\u0131nda 5,2 b\u00fcy\u00fckl\u00fc\u011f\u00fcnde sars\u0131nt\u0131 ya\u015fand\u0131. Y\u00fczlerce&#8230;<\/p>\n","protected":false},"author":1,"featured_media":15438,"comment_status":"open","ping_status":"open","sticky":false,"template":"","format":"standard","meta":{"_crdt_document":"","footnotes":""},"categories":[5],"tags":[],"class_list":["post-15437","post","type-post","status-publish","format-standard","has-post-thumbnail","hentry","category-asayis"],"_links":{"self":[{"href":"https:\/\/www.egemtv.com\/index.php?rest_route=\/wp\/v2\/posts\/15437","targetHints":{"allow":["GET"]}}],"collection":[{"href":"https:\/\/www.egemtv.com\/index.php?rest_route=\/wp\/v2\/posts"}],"about":[{"href":"https:\/\/www.egemtv.com\/index.php?rest_route=\/wp\/v2\/types\/post"}],"author":[{"embeddable":true,"href":"https:\/\/www.egemtv.com\/index.php?rest_route=\/wp\/v2\/users\/1"}],"replies":[{"embeddable":true,"href":"https:\/\/www.egemtv.com\/index.php?rest_route=%2Fwp%2Fv2%2Fcomments&post=15437"}],"version-history":[{"count":1,"href":"https:\/\/www.egemtv.com\/index.php?rest_route=\/wp\/v2\/posts\/15437\/revisions"}],"predecessor-version":[{"id":15439,"href":"https:\/\/www.egemtv.com\/index.php?rest_route=\/wp\/v2\/posts\/15437\/revisions\/15439"}],"wp:featuredmedia":[{"embeddable":true,"href":"https:\/\/www.egemtv.com\/index.php?rest_route=\/wp\/v2\/media\/15438"}],"wp:attachment":[{"href":"https:\/\/www.egemtv.com\/index.php?rest_route=%2Fwp%2Fv2%2Fmedia&parent=15437"}],"wp:term":[{"taxonomy":"category","embeddable":true,"href":"https:\/\/www.egemtv.com\/index.php?rest_route=%2Fwp%2Fv2%2Fcategories&post=15437"},{"taxonomy":"post_tag","embeddable":true,"href":"https:\/\/www.egemtv.com\/index.php?rest_route=%2Fwp%2Fv2%2Ftags&post=15437"}],"curies":[{"name":"wp","href":"https:\/\/api.w.org\/{rel}","templated":true}]}}