{"id":15434,"date":"2025-02-04T16:13:10","date_gmt":"2025-02-04T13:13:10","guid":{"rendered":"https:\/\/www.egemtv.com\/?p=15434"},"modified":"2025-02-04T16:13:15","modified_gmt":"2025-02-04T13:13:15","slug":"denizli-osbde-hareket-ediyorum-kanserden-korunuyorum-semineri-duzenlendi","status":"publish","type":"post","link":"https:\/\/www.egemtv.com\/?p=15434","title":{"rendered":"Denizli OSB\u2019de \u2018Hareket Ediyorum Kanserden Korunuyorum\u2019 semineri d\u00fczenlendi"},"content":{"rendered":"<p>Denizli Organize Sanayi B\u00f6lge M\u00fcd\u00fcrl\u00fc\u011f\u00fc ve Pamukkale \u0130l\u00e7e Sa\u011fl\u0131k M\u00fcd\u00fcrl\u00fc\u011f\u00fc i\u015fbirli\u011fi ile &#8220;Hareket Ediyorum Kanserden Korunuyorum&#8221; konulu seminer ger\u00e7ekle\u015ftirildi. D\u00fczenlenen seminerin \u00f6nemine vurgu yapan Denizli OSB Y\u00f6netim Kurulu Ba\u015fkan\u0131 Derya Baltal\u0131; &#8220;B\u00f6lgemizde yakla\u015f\u0131k 30 bin ki\u015fi \u00e7al\u0131\u015fmaktad\u0131r. \u00c7al\u0131\u015fanlar\u0131m\u0131z\u0131n sa\u011fl\u0131\u011f\u0131n\u0131 \u00f6nemsiyor ve her zaman \u00f6nceli\u011fimiz olarak g\u00f6r\u00fcyoruz&#8221; dedi.<\/p>\n<p>Denizli OSB M\u00fcd\u00fcrl\u00fc\u011f\u00fc ve Pamukkale \u0130l\u00e7e Sa\u011fl\u0131k M\u00fcd\u00fcrl\u00fc\u011f\u00fc i\u015fbirli\u011finde Hareket Ediyorum Kanserden Korunuyorum&#8221; konulu seminer d\u00fczenlendi. Denizli OSB Konferans Salonu\u2019nda ger\u00e7ekle\u015ftirilen seminerde Pamukkale \u0130l\u00e7e Sa\u011fl\u0131k M\u00fcd\u00fcrl\u00fc\u011f\u00fc KETEM Doktoru Banu Meryem An\u0131l, Hem\u015fire Emel Kayan ve Fizyoterapist \u00d6zlem Batmaz kat\u0131l\u0131mc\u0131lar\u0131 kanserde erken te\u015fhis, tan\u0131 ve tedavi y\u00f6ntemleri, KETEM\u2019in faaliyetleri, fiziksel aktivitenin sa\u011fl\u0131k \u00fczerine etkisi konular\u0131nda bilgilendirdiler.<\/p>\n<p>&#8220;Sa\u011fl\u0131kla ilgili t\u00fcm \u00e7al\u0131\u015fmalarda \u00f6nc\u00fcl\u00fck yapmaya devam edece\u011fiz&#8221;<br \/>\n<br \/>Seminerle ilgili a\u00e7\u0131klama yapan Denizli OSB Y\u00f6netim Kurulu Ba\u015fkan\u0131 Derya Baltal\u0131; &#8220;Organize Sanayi B\u00f6lgemizde yakla\u015f\u0131k 30 bin ki\u015fi \u00e7al\u0131\u015fmaktad\u0131r ve bu \u00e7al\u0131\u015fanlar\u0131n yar\u0131s\u0131ndan fazlas\u0131n\u0131 kad\u0131n \u00e7al\u0131\u015fanlar olu\u015fturmaktad\u0131r. Y\u0131l i\u00e7erisinde Pamukkale \u0130l\u00e7e Sa\u011fl\u0131k M\u00fcd\u00fcrl\u00fc\u011f\u00fcm\u00fcz ile i\u015fbirli\u011fi i\u00e7erisinde bu t\u00fcr e\u011fitimlere ev sahipli\u011fi yap\u0131yoruz. \u00c7al\u0131\u015fanlar\u0131m\u0131z\u0131n sa\u011fl\u0131\u011f\u0131n\u0131 \u00f6nemsiyor ve her zaman \u00f6nceli\u011fimiz olarak g\u00f6r\u00fcyoruz. Sa\u011fl\u0131kla ilgili t\u00fcm \u00e7al\u0131\u015fmalarda \u00f6nc\u00fcl\u00fck yapmaya devam edece\u011fiz. Herkese sa\u011fl\u0131kl\u0131 bir \u00f6m\u00fcr dileriz&#8221; dedi.<br \/><\/p>\n","protected":false},"excerpt":{"rendered":"<p>Denizli Organize Sanayi B\u00f6lge M\u00fcd\u00fcrl\u00fc\u011f\u00fc ve Pamukkale \u0130l\u00e7e Sa\u011fl\u0131k M\u00fcd\u00fcrl\u00fc\u011f\u00fc i\u015fbirli\u011fi ile &#8220;Hareket Ediyorum Kanserden Korunuyorum&#8221; konulu seminer ger\u00e7ekle\u015ftirildi. D\u00fczenlenen seminerin \u00f6nemine vurgu yapan Denizli OSB Y\u00f6netim Kurulu Ba\u015fkan\u0131 Derya Baltal\u0131; &#8220;B\u00f6lgemizde yakla\u015f\u0131k 30 bin ki\u015fi \u00e7al\u0131\u015fmaktad\u0131r. \u00c7al\u0131\u015fanlar\u0131m\u0131z\u0131n sa\u011fl\u0131\u011f\u0131n\u0131 \u00f6nemsiyor ve her zaman \u00f6nceli\u011fimiz olarak g\u00f6r\u00fcyoruz&#8221; dedi. Denizli OSB M\u00fcd\u00fcrl\u00fc\u011f\u00fc ve Pamukkale \u0130l\u00e7e Sa\u011fl\u0131k M\u00fcd\u00fcrl\u00fc\u011f\u00fc&#8230;<\/p>\n","protected":false},"author":1,"featured_media":15435,"comment_status":"open","ping_status":"open","sticky":false,"template":"","format":"standard","meta":{"_crdt_document":"","footnotes":""},"categories":[2],"tags":[],"class_list":["post-15434","post","type-post","status-publish","format-standard","has-post-thumbnail","hentry","category-saglik"],"_links":{"self":[{"href":"https:\/\/www.egemtv.com\/index.php?rest_route=\/wp\/v2\/posts\/15434","targetHints":{"allow":["GET"]}}],"collection":[{"href":"https:\/\/www.egemtv.com\/index.php?rest_route=\/wp\/v2\/posts"}],"about":[{"href":"https:\/\/www.egemtv.com\/index.php?rest_route=\/wp\/v2\/types\/post"}],"author":[{"embeddable":true,"href":"https:\/\/www.egemtv.com\/index.php?rest_route=\/wp\/v2\/users\/1"}],"replies":[{"embeddable":true,"href":"https:\/\/www.egemtv.com\/index.php?rest_route=%2Fwp%2Fv2%2Fcomments&post=15434"}],"version-history":[{"count":1,"href":"https:\/\/www.egemtv.com\/index.php?rest_route=\/wp\/v2\/posts\/15434\/revisions"}],"predecessor-version":[{"id":15436,"href":"https:\/\/www.egemtv.com\/index.php?rest_route=\/wp\/v2\/posts\/15434\/revisions\/15436"}],"wp:featuredmedia":[{"embeddable":true,"href":"https:\/\/www.egemtv.com\/index.php?rest_route=\/wp\/v2\/media\/15435"}],"wp:attachment":[{"href":"https:\/\/www.egemtv.com\/index.php?rest_route=%2Fwp%2Fv2%2Fmedia&parent=15434"}],"wp:term":[{"taxonomy":"category","embeddable":true,"href":"https:\/\/www.egemtv.com\/index.php?rest_route=%2Fwp%2Fv2%2Fcategories&post=15434"},{"taxonomy":"post_tag","embeddable":true,"href":"https:\/\/www.egemtv.com\/index.php?rest_route=%2Fwp%2Fv2%2Ftags&post=15434"}],"curies":[{"name":"wp","href":"https:\/\/api.w.org\/{rel}","templated":true}]}}