{"id":15431,"date":"2025-02-04T16:11:05","date_gmt":"2025-02-04T13:11:05","guid":{"rendered":"https:\/\/www.egemtv.com\/?p=15431"},"modified":"2025-02-04T16:11:09","modified_gmt":"2025-02-04T13:11:09","slug":"kutoda-yangin-egitimi-yapildi","status":"publish","type":"post","link":"https:\/\/www.egemtv.com\/?p=15431","title":{"rendered":"KUTO\u2019da yang\u0131n e\u011fitimi yap\u0131ld\u0131"},"content":{"rendered":"<p>Ku\u015fadas\u0131 Ticaret Odas\u0131 (KUTO) ile Ku\u015fadas\u0131 Otelciler ve Yat\u0131r\u0131mc\u0131lar Derne\u011fi (KODER) i\u015fbirli\u011finde Temel Yang\u0131n E\u011fitimi d\u00fczenlendi.<\/p>\n<p>Ku\u015fadas\u0131\u2019nda bulunan oteller, restoranlar ve t\u00fcm i\u015fletmelere y\u00f6nelik olarak ger\u00e7ekle\u015fen e\u011fitim, Ayd\u0131n B\u00fcy\u00fck\u015fehir Belediyesi \u0130tfaiye Daire Ba\u015fkanl\u0131\u011f\u0131\u2019ndan yetkililer taraf\u0131ndan verildi. Ku\u015fadas\u0131 Ticaret Odas\u0131 Konferans Salonu\u2019nda, \u00f6zellikle otel ve restoranlar\u0131n y\u00f6neticileri ve ilgili personellerinin geni\u015f kat\u0131l\u0131m\u0131yla ger\u00e7ekle\u015fen e\u011fitimde, yang\u0131n \u00e7e\u015fitleri, sebepleri, yang\u0131nlar\u0131n s\u0131n\u0131flar\u0131na g\u00f6re s\u00f6nd\u00fcrme usulleri ve \u00f6nleyici tedbirler anlat\u0131ld\u0131 ve yang\u0131n t\u00fcp\u00fcn\u00fcn nas\u0131l kullan\u0131laca\u011f\u0131, yang\u0131n esnas\u0131nda yap\u0131lmas\u0131 ve yap\u0131lmamas\u0131 gerekenler, yang\u0131n alan\u0131ndaki tehditler hakk\u0131nda ayr\u0131nt\u0131l\u0131 bilgiler verildi. \u00c7e\u015fitli videolarla da desteklenen teorik bilgilerin ard\u0131ndan e\u011fitimin uygulama k\u0131sm\u0131nda,  Ku\u015fadas\u0131 Ticaret Odas\u0131 otopark\u0131nda kontroll\u00fc olarak yak\u0131lan ate\u015fe, ilgili personeller taraf\u0131ndan yang\u0131n t\u00fcp\u00fc ile m\u00fcdahale edilerek, pratik yap\u0131ld\u0131. Ku\u015fadas\u0131 Ticaret Odas\u0131 Y\u00f6netim Kurulu Ba\u015fkan\u0131 Serdar Akdo\u011fan, sezon \u00f6ncesi \u00f6zelikle otel ve restoran personellerinin bu konuda bilin\u00e7lenmesi, yang\u0131n ekipmanlar\u0131 ile ilgili eksikliklerinin giderilmesi ve an\u0131nda m\u00fcdahalenin \u00f6nemine de\u011finerek, t\u00fcm i\u015fletmelere a\u00e7\u0131k olan bu e\u011fitimlerin \u00f6n\u00fcm\u00fczdeki g\u00fcnlerde de tekrarlanaca\u011f\u0131n\u0131 dile getirdi ve Ayd\u0131n B\u00fcy\u00fck\u015fehir Belediyesi \u0130tfaiye Daire Ba\u015fkanl\u0131\u011f\u0131 yetkililerine te\u015fekk\u00fcr etti.<br \/><\/p>\n","protected":false},"excerpt":{"rendered":"<p>Ku\u015fadas\u0131 Ticaret Odas\u0131 (KUTO) ile Ku\u015fadas\u0131 Otelciler ve Yat\u0131r\u0131mc\u0131lar Derne\u011fi (KODER) i\u015fbirli\u011finde Temel Yang\u0131n E\u011fitimi d\u00fczenlendi. Ku\u015fadas\u0131\u2019nda bulunan oteller, restoranlar ve t\u00fcm i\u015fletmelere y\u00f6nelik olarak ger\u00e7ekle\u015fen e\u011fitim, Ayd\u0131n B\u00fcy\u00fck\u015fehir Belediyesi \u0130tfaiye Daire Ba\u015fkanl\u0131\u011f\u0131\u2019ndan yetkililer taraf\u0131ndan verildi. Ku\u015fadas\u0131 Ticaret Odas\u0131 Konferans Salonu\u2019nda, \u00f6zellikle otel ve restoranlar\u0131n y\u00f6neticileri ve ilgili personellerinin geni\u015f kat\u0131l\u0131m\u0131yla ger\u00e7ekle\u015fen e\u011fitimde, yang\u0131n \u00e7e\u015fitleri,&#8230;<\/p>\n","protected":false},"author":1,"featured_media":15432,"comment_status":"open","ping_status":"open","sticky":false,"template":"","format":"standard","meta":{"_crdt_document":"","footnotes":""},"categories":[1],"tags":[],"class_list":["post-15431","post","type-post","status-publish","format-standard","has-post-thumbnail","hentry","category-guncel"],"_links":{"self":[{"href":"https:\/\/www.egemtv.com\/index.php?rest_route=\/wp\/v2\/posts\/15431","targetHints":{"allow":["GET"]}}],"collection":[{"href":"https:\/\/www.egemtv.com\/index.php?rest_route=\/wp\/v2\/posts"}],"about":[{"href":"https:\/\/www.egemtv.com\/index.php?rest_route=\/wp\/v2\/types\/post"}],"author":[{"embeddable":true,"href":"https:\/\/www.egemtv.com\/index.php?rest_route=\/wp\/v2\/users\/1"}],"replies":[{"embeddable":true,"href":"https:\/\/www.egemtv.com\/index.php?rest_route=%2Fwp%2Fv2%2Fcomments&post=15431"}],"version-history":[{"count":1,"href":"https:\/\/www.egemtv.com\/index.php?rest_route=\/wp\/v2\/posts\/15431\/revisions"}],"predecessor-version":[{"id":15433,"href":"https:\/\/www.egemtv.com\/index.php?rest_route=\/wp\/v2\/posts\/15431\/revisions\/15433"}],"wp:featuredmedia":[{"embeddable":true,"href":"https:\/\/www.egemtv.com\/index.php?rest_route=\/wp\/v2\/media\/15432"}],"wp:attachment":[{"href":"https:\/\/www.egemtv.com\/index.php?rest_route=%2Fwp%2Fv2%2Fmedia&parent=15431"}],"wp:term":[{"taxonomy":"category","embeddable":true,"href":"https:\/\/www.egemtv.com\/index.php?rest_route=%2Fwp%2Fv2%2Fcategories&post=15431"},{"taxonomy":"post_tag","embeddable":true,"href":"https:\/\/www.egemtv.com\/index.php?rest_route=%2Fwp%2Fv2%2Ftags&post=15431"}],"curies":[{"name":"wp","href":"https:\/\/api.w.org\/{rel}","templated":true}]}}