{"id":15428,"date":"2025-02-04T16:07:08","date_gmt":"2025-02-04T13:07:08","guid":{"rendered":"https:\/\/www.egemtv.com\/?p=15428"},"modified":"2025-02-04T16:07:16","modified_gmt":"2025-02-04T13:07:16","slug":"mustakil-evde-cikan-yangin-korkuttu","status":"publish","type":"post","link":"https:\/\/www.egemtv.com\/?p=15428","title":{"rendered":"M\u00fcstakil evde \u00e7\u0131kan yang\u0131n korkuttu"},"content":{"rendered":"<p>Denizli\u2019nin Buldan il\u00e7esinde m\u00fcstakil evde \u00e7\u0131kan yang\u0131n mahallede pani\u011fe neden oldu. Yang\u0131n, itfaiye ekiplerinin h\u0131zl\u0131 m\u00fcdahalesiyle k\u0131sa s\u00fcrede kontrol alt\u0131na al\u0131n\u0131rken, m\u00fcstakil evde maddi hasar olu\u015ftu.<\/p>\n<p>Yang\u0131n, Buldan il\u00e7esi \u00c7ar\u015f\u0131 Mahallesi\u2019nde meydana geldi. Edinilen bilgilere g\u00f6re, m\u00fcstakil evde bulunan sobadan \u00e7\u0131kan yang\u0131n t\u00fcm evi sard\u0131. M\u00fcsatkil evden \u00e7\u0131kan dumanlar\u0131 fark eden \u00e7evredeki vatanda\u015flar\u0131n ihbar\u0131 \u00fczerine olay yerine polis, sa\u011fl\u0131k ve Denizli B\u00fcy\u00fck\u015fehir Belediyesi Buldan \u0130tfaiye ekipleri sevk edildi. \u0130hbar \u00fczerine b\u00f6lgeye gelen Denizli B\u00fcy\u00fck\u015fehir Belediyesi Buldan itfaiye ekipleri, yang\u0131na h\u0131zl\u0131 bir \u015fekilde m\u00fcdahale ederek kontrol alt\u0131na ald\u0131.<\/p>\n<p>86 ve 84 ya\u015f\u0131ndaki kar\u0131 kocaya ait evde \u00e7\u0131kan yang\u0131n sonucunda maddi hasar olu\u015furken yang\u0131n sonucunda yaralanan ya da hayat\u0131n\u0131 kaybeden olmad\u0131\u011f\u0131 \u00f6\u011frenildi. Yang\u0131n ile soru\u015fturma ba\u015flat\u0131ld\u0131.<br \/><\/p>\n","protected":false},"excerpt":{"rendered":"<p>Denizli\u2019nin Buldan il\u00e7esinde m\u00fcstakil evde \u00e7\u0131kan yang\u0131n mahallede pani\u011fe neden oldu. Yang\u0131n, itfaiye ekiplerinin h\u0131zl\u0131 m\u00fcdahalesiyle k\u0131sa s\u00fcrede kontrol alt\u0131na al\u0131n\u0131rken, m\u00fcstakil evde maddi hasar olu\u015ftu. Yang\u0131n, Buldan il\u00e7esi \u00c7ar\u015f\u0131 Mahallesi\u2019nde meydana geldi. Edinilen bilgilere g\u00f6re, m\u00fcstakil evde bulunan sobadan \u00e7\u0131kan yang\u0131n t\u00fcm evi sard\u0131. M\u00fcsatkil evden \u00e7\u0131kan dumanlar\u0131 fark eden \u00e7evredeki vatanda\u015flar\u0131n ihbar\u0131 \u00fczerine&#8230;<\/p>\n","protected":false},"author":1,"featured_media":15429,"comment_status":"open","ping_status":"open","sticky":false,"template":"","format":"standard","meta":{"_crdt_document":"","footnotes":""},"categories":[5],"tags":[],"class_list":["post-15428","post","type-post","status-publish","format-standard","has-post-thumbnail","hentry","category-asayis"],"_links":{"self":[{"href":"https:\/\/www.egemtv.com\/index.php?rest_route=\/wp\/v2\/posts\/15428","targetHints":{"allow":["GET"]}}],"collection":[{"href":"https:\/\/www.egemtv.com\/index.php?rest_route=\/wp\/v2\/posts"}],"about":[{"href":"https:\/\/www.egemtv.com\/index.php?rest_route=\/wp\/v2\/types\/post"}],"author":[{"embeddable":true,"href":"https:\/\/www.egemtv.com\/index.php?rest_route=\/wp\/v2\/users\/1"}],"replies":[{"embeddable":true,"href":"https:\/\/www.egemtv.com\/index.php?rest_route=%2Fwp%2Fv2%2Fcomments&post=15428"}],"version-history":[{"count":1,"href":"https:\/\/www.egemtv.com\/index.php?rest_route=\/wp\/v2\/posts\/15428\/revisions"}],"predecessor-version":[{"id":15430,"href":"https:\/\/www.egemtv.com\/index.php?rest_route=\/wp\/v2\/posts\/15428\/revisions\/15430"}],"wp:featuredmedia":[{"embeddable":true,"href":"https:\/\/www.egemtv.com\/index.php?rest_route=\/wp\/v2\/media\/15429"}],"wp:attachment":[{"href":"https:\/\/www.egemtv.com\/index.php?rest_route=%2Fwp%2Fv2%2Fmedia&parent=15428"}],"wp:term":[{"taxonomy":"category","embeddable":true,"href":"https:\/\/www.egemtv.com\/index.php?rest_route=%2Fwp%2Fv2%2Fcategories&post=15428"},{"taxonomy":"post_tag","embeddable":true,"href":"https:\/\/www.egemtv.com\/index.php?rest_route=%2Fwp%2Fv2%2Ftags&post=15428"}],"curies":[{"name":"wp","href":"https:\/\/api.w.org\/{rel}","templated":true}]}}