{"id":15424,"date":"2025-02-04T15:56:18","date_gmt":"2025-02-04T12:56:18","guid":{"rendered":"https:\/\/www.egemtv.com\/?p=15424"},"modified":"2025-02-04T15:56:22","modified_gmt":"2025-02-04T12:56:22","slug":"taksiciye-dehseti-yasatan-gaspci-hakim-karsisinda-2","status":"publish","type":"post","link":"https:\/\/www.egemtv.com\/?p=15424","title":{"rendered":"Taksiciye deh\u015feti ya\u015fatan gasp\u00e7\u0131 hakim kar\u015f\u0131s\u0131nda"},"content":{"rendered":"<p>Manisa\u2019da arac\u0131na bindi\u011fi taksiciye gasp etmek amac\u0131yla b\u0131\u00e7akla sald\u0131r\u0131da bulunan tutuklu zanl\u0131 &#8220;Kasten adam \u00f6ld\u00fcrmeye te\u015febb\u00fcs&#8221; su\u00e7undan ilk kez hakim kar\u015f\u0131s\u0131na \u00e7\u0131kt\u0131. Mahkemede savunma yapan Emirhan \u00dc., &#8220;Uyu\u015fturucu madde etkisindeydim, hat\u0131rlam\u0131yorum. Korkutmak amac\u0131yla yapt\u0131m&#8221; dedi.<br \/>\n<br \/>Manisa\u2019da yolcu olarak bindi\u011fi taksiciyi b\u0131\u00e7aklamaya \u00e7al\u0131\u015farak gasp etmek isteyen uyu\u015fturucu ba\u011f\u0131ml\u0131s\u0131 Emirhan \u00dc., hakim kar\u015f\u0131s\u0131na \u00e7\u0131kt\u0131. Manisa 5. A\u011f\u0131r Ceza Mahkemesinde g\u00f6r\u00fclen davada Emirhan \u00dc., mahkeme heyetine olay g\u00fcn\u00fcn\u00fc anlatt\u0131. Olay g\u00fcn\u00fc bir arkada\u015f\u0131yla kafede oturdu\u011funu, arkada\u015f\u0131n\u0131n kahvesine kendisinden habersiz uyu\u015fturucu madde att\u0131\u011f\u0131n\u0131 iddia eden Emirhan \u00dc., &#8220;Benim sab\u0131kam dahi yok. Ben hi\u00e7 bir canl\u0131ya zarar verecek biri de\u011filim. Arkada\u015f\u0131mla kahve i\u00e7iyorduk. Benden habersiz kahveme uyu\u015fturucu madde koymu\u015f. Olay g\u00fcn\u00fcn\u00fc hi\u00e7 hat\u0131rlam\u0131yorum. 14 ya\u015f\u0131nda uyu\u015fturucuya ba\u015flad\u0131m. Daha \u00f6nce de tedavi g\u00f6rd\u00fcm. Ben zarar vermek istemedim. Para \u00f6dememek i\u00e7in korkutmak istedim. Taksici b\u0131\u00e7a\u011f\u0131 benden almak isterken yaraland\u0131&#8221; dedi. Mahkeme heyetinin 21 santimetre uzunlu\u011fundaki b\u0131\u00e7a\u011f\u0131 neden yan\u0131nda ta\u015f\u0131d\u0131\u011f\u0131n\u0131 sormas\u0131 \u00fczerine Emirhan \u00dc., &#8220;Ailevi problemlerimden dolay\u0131 sokakta ya\u015f\u0131yorum. B\u0131\u00e7a\u011f\u0131 da o y\u00fczden ald\u0131m&#8221; dedi.<\/p>\n<p>&#8220;E\u011fer b\u0131\u00e7a\u011f\u0131 tutmasayd\u0131m bug\u00fcn burada olmazd\u0131m&#8221;<br \/>\n<br \/>Olay g\u00fcn\u00fc ya\u015fad\u0131klar\u0131 sorulan taksici esnaf\u0131 Hakan Paktan, &#8220;Taksiye bindikten sonra bana b\u0131\u00e7akland\u0131\u011f\u0131n\u0131 ve kolundaki bandaj\u0131 g\u00f6sterdi. Yolda giderken s\u0131caklad\u0131\u011f\u0131n\u0131 belirterek montunu a\u00e7t\u0131 ve ben bu durumdan \u015f\u00fcphelendim. Daha sonra Akgedik Mahallesi\u2019ne geldi\u011fimizde sald\u0131r\u0131y\u0131 ger\u00e7ekle\u015ftirdi. E\u011fer b\u0131\u00e7a\u011f\u0131 tutmasayd\u0131m bug\u00fcn burada olmazd\u0131m. Benim arac\u0131ma alkol ve uyu\u015fturucu madde kullananlar da binebiliyor. Ancak \u015fahs\u0131n hal ve hareketleri uyu\u015fturucu madde etkisindeymi\u015f gibi de\u011fildi. Gayet normal bir \u015fekilde konu\u015fuyordu&#8221; ifadelerini kulland\u0131. Paktan \u015fikayet\u00e7i oldu\u011funu s\u00f6yledi.<br \/>\n<br \/>Mahkeme heyeti, Manisa Ruh Sa\u011fl\u0131\u011f\u0131 ve Sinir Hastal\u0131klar\u0131 Hastanesinden Emirhan \u00dc.\u2019n\u00fcn daha \u00f6nceki tedavisine ili\u015fkin dosyas\u0131n\u0131 isteyerek, tutukluluk halinin devam\u0131na karar verdi. Mahkeme 18 Mart tarihine ertelendi.<\/p>\n<p>Olay\u0131n ge\u00e7mi\u015fi<br \/>\n<br \/>Yakla\u015f\u0131k 2 ay \u00f6nce meydana gelen olayda, \u015eehzadeler il\u00e7esindeki taksi dura\u011f\u0131na gelen Emirhan \u00dc., Yunusemre il\u00e7esindeki Akgedik Mahallesi\u2019ne gitmek \u00fczere Hakan Paktan\u2019\u0131n \u015fof\u00f6rl\u00fc\u011f\u00fcn\u00fc yapt\u0131\u011f\u0131 taksiye bindi. Adrese geldiklerinde taksici, Emirhan \u00dc.\u2019ye \u00fccreti s\u00f6yledi. \u00dccreti kartla \u00f6deyece\u011fini s\u00f6yleyen Emirhan \u00dc., post cihaz\u0131n\u0131 istedi. Taksici Paktan, post cihaz\u0131na \u00fccreti yazd\u0131\u011f\u0131 s\u0131rada Emirhan \u00dc. belindeki b\u0131\u00e7a\u011f\u0131 \u00e7\u0131kararak Paktan\u2019\u0131n g\u00f6\u011f\u00fcs k\u0131sm\u0131na do\u011fru hamle yapt\u0131. Ani bir refleksle b\u0131\u00e7a\u011f\u0131n keskin k\u0131sm\u0131n\u0131 eliyle tutan taksici bir s\u00fcre ara\u00e7 i\u00e7inde Emirhan \u00dc. ile bo\u011fu\u015ftu sonra da emniyet kemerini \u00e7\u00f6z\u00fcp ara\u00e7tan indi. Paktan\u2019\u0131n ard\u0131ndan ara\u00e7tan inen Emirhan \u00dc., olay yerinden uzakla\u015ft\u0131. Ya\u015fanan deh\u015fet anlar\u0131 takside bulunan g\u00fcvenlik kameralar\u0131 taraf\u0131ndan saniye saniye kaydedildi.<br \/><\/p>\n","protected":false},"excerpt":{"rendered":"<p>Manisa\u2019da arac\u0131na bindi\u011fi taksiciye gasp etmek amac\u0131yla b\u0131\u00e7akla sald\u0131r\u0131da bulunan tutuklu zanl\u0131 &#8220;Kasten adam \u00f6ld\u00fcrmeye te\u015febb\u00fcs&#8221; su\u00e7undan ilk kez hakim kar\u015f\u0131s\u0131na \u00e7\u0131kt\u0131. Mahkemede savunma yapan Emirhan \u00dc., &#8220;Uyu\u015fturucu madde etkisindeydim, hat\u0131rlam\u0131yorum. Korkutmak amac\u0131yla yapt\u0131m&#8221; dedi. Manisa\u2019da yolcu olarak bindi\u011fi taksiciyi b\u0131\u00e7aklamaya \u00e7al\u0131\u015farak gasp etmek isteyen uyu\u015fturucu ba\u011f\u0131ml\u0131s\u0131 Emirhan \u00dc., hakim kar\u015f\u0131s\u0131na \u00e7\u0131kt\u0131. Manisa 5. A\u011f\u0131r&#8230;<\/p>\n","protected":false},"author":1,"featured_media":15426,"comment_status":"open","ping_status":"open","sticky":false,"template":"","format":"standard","meta":{"_crdt_document":"","footnotes":""},"categories":[5],"tags":[],"class_list":["post-15424","post","type-post","status-publish","format-standard","has-post-thumbnail","hentry","category-asayis"],"_links":{"self":[{"href":"https:\/\/www.egemtv.com\/index.php?rest_route=\/wp\/v2\/posts\/15424","targetHints":{"allow":["GET"]}}],"collection":[{"href":"https:\/\/www.egemtv.com\/index.php?rest_route=\/wp\/v2\/posts"}],"about":[{"href":"https:\/\/www.egemtv.com\/index.php?rest_route=\/wp\/v2\/types\/post"}],"author":[{"embeddable":true,"href":"https:\/\/www.egemtv.com\/index.php?rest_route=\/wp\/v2\/users\/1"}],"replies":[{"embeddable":true,"href":"https:\/\/www.egemtv.com\/index.php?rest_route=%2Fwp%2Fv2%2Fcomments&post=15424"}],"version-history":[{"count":1,"href":"https:\/\/www.egemtv.com\/index.php?rest_route=\/wp\/v2\/posts\/15424\/revisions"}],"predecessor-version":[{"id":15427,"href":"https:\/\/www.egemtv.com\/index.php?rest_route=\/wp\/v2\/posts\/15424\/revisions\/15427"}],"wp:featuredmedia":[{"embeddable":true,"href":"https:\/\/www.egemtv.com\/index.php?rest_route=\/wp\/v2\/media\/15426"}],"wp:attachment":[{"href":"https:\/\/www.egemtv.com\/index.php?rest_route=%2Fwp%2Fv2%2Fmedia&parent=15424"}],"wp:term":[{"taxonomy":"category","embeddable":true,"href":"https:\/\/www.egemtv.com\/index.php?rest_route=%2Fwp%2Fv2%2Fcategories&post=15424"},{"taxonomy":"post_tag","embeddable":true,"href":"https:\/\/www.egemtv.com\/index.php?rest_route=%2Fwp%2Fv2%2Ftags&post=15424"}],"curies":[{"name":"wp","href":"https:\/\/api.w.org\/{rel}","templated":true}]}}