{"id":15418,"date":"2025-02-04T15:56:13","date_gmt":"2025-02-04T12:56:13","guid":{"rendered":"https:\/\/www.egemtv.com\/?p=15418"},"modified":"2025-02-04T15:56:17","modified_gmt":"2025-02-04T12:56:17","slug":"fiba-gencler-basketbol-sampiyonlar-ligi-manisada-yapilacak-2","status":"publish","type":"post","link":"https:\/\/www.egemtv.com\/?p=15418","title":{"rendered":"FIBA Gen\u00e7ler Basketbol \u015eampiyonlar Ligi, Manisa\u2019da yap\u0131lacak"},"content":{"rendered":"<p>FIBA Gen\u00e7ler Basketbol \u015eampiyonlar Ligi, 22-27 Nisan tarihleri aras\u0131nda Manisa\u2019da yap\u0131lacak. Bu y\u0131l 3.\u2019s\u00fc ger\u00e7ekle\u015ftirilecek olan turnuva i\u00e7in 4 \u015fehirle yar\u0131\u015fan Manisa, turnuvan\u0131n ev sahipli\u011fini \u00fcstlendi.<br \/>\n<br \/>Manisa\u2019da, 22-27 Nisan tarihleri aras\u0131nda ger\u00e7ekle\u015ftirilecek olan FIBA Gen\u00e7ler Basketbol \u015eampiyonlar Ligi tan\u0131t\u0131m\u0131 Manisa B\u00fcy\u00fck\u015fehir Belediye Ba\u015fkan\u0131 Ferdi Zeyrek taraf\u0131ndan Yunusemre il\u00e7esindeki bir otelde ger\u00e7ekle\u015ftirildi.<br \/>\n<br \/>Manisa\u2019n\u0131n marka bir kent olmas\u0131 i\u00e7in \u00e7al\u0131\u015fmalar\u0131n\u0131 aral\u0131ks\u0131z devam ettirdiklerini kaydeden Manisa B\u00fcy\u00fck\u015fehir Belediye Ba\u015fkan\u0131 Ferdi Zeyrek, &#8220;Bug\u00fcn burada, Manisa olarak sporun birle\u015ftirici g\u00fcc\u00fcn\u00fc en g\u00fczel \u015fekilde hissedece\u011fimiz, gen\u00e7 yeteneklerin sahne alaca\u011f\u0131 \u00e7ok \u00f6zel bir organizasyona ev sahipli\u011fi yapacak olman\u0131n gururuyla bir araya geldik. FIBA Gen\u00e7ler Basketbol \u015eampiyonlar Ligi\u2019ni (YBCL) \u015fehrimizde a\u011f\u0131rlamak, bizim i\u00e7in yaln\u0131zca bir spor etkinli\u011fi de\u011fil, ayn\u0131 zamanda Manisa\u2019n\u0131n spor k\u00fclt\u00fcr\u00fcn\u00fc, misafirperverli\u011fini ve tarihi de\u011ferlerini t\u00fcm d\u00fcnyaya tan\u0131tma f\u0131rsat\u0131 olacakt\u0131r. Manisa\u2019y\u0131 yurt i\u00e7inde ve yurt d\u0131\u015f\u0131nda tan\u0131taca\u011f\u0131m\u0131za, bu kapsamda ulusal ve uluslararas\u0131 etkinliklere ev sahipli\u011fi yapaca\u011f\u0131m\u0131za dair hedeflerimizi ortaya koymu\u015ftum. G\u00fczel \u015fehrimiz, k\u00f6kl\u00fc tarihi, zengin k\u00fclt\u00fcr\u00fc ve spor alan\u0131ndaki yat\u0131r\u0131mlar\u0131yla her zaman b\u00fcy\u00fck organizasyonlara ev sahipli\u011fi yapmaya haz\u0131r bir \u015fehirdir. 22-27 Nisan tarihleri aras\u0131nda d\u00fczenlenecek bu \u00f6nemli turnuvay\u0131 da \u015fehrimizi uluslararas\u0131 arenada bir spor merkezi haline getirme yolunda at\u0131lm\u0131\u015f g\u00fc\u00e7l\u00fc bir ad\u0131m olarak g\u00f6r\u00fcyorum&#8221; dedi.<\/p>\n<p>Mesir Macunu festivaliyle ayn\u0131 tarihte<br \/>\n<br \/>Turnuvan\u0131n yap\u0131laca\u011f\u0131 tarihlerin ayr\u0131 bir anlam daha ta\u015f\u0131d\u0131\u011f\u0131n\u0131 kaydeden Zeyrek, a\u00e7\u0131klamas\u0131n \u015f\u00f6yle tamamlad\u0131:<br \/>\n<br \/>&#8220;23 Nisan Ulusal Egemenlik ve \u00c7ocuk Bayram\u0131\u2019n\u0131 da bu organizasyon kapsam\u0131nda co\u015fkuyla kutlayaca\u011f\u0131z. Gazi Mustafa Kemal Atat\u00fcrk\u2019\u00fcn \u00e7ocuklara arma\u011fan etti\u011fi bu \u00f6zel bayram, gen\u00e7 sporcular\u0131n yeteneklerini sergiledi\u011fi b\u00f6ylesine \u00f6nemli bir turnuvayla birle\u015fince, anlam\u0131 daha da b\u00fcy\u00fcyor. Basketbolun gen\u00e7ler \u00fczerindeki olumlu etkisini d\u00fc\u015f\u00fcnd\u00fc\u011f\u00fcm\u00fczde, spora ve \u00e7ocuklar\u0131m\u0131za yap\u0131lan her katk\u0131n\u0131n gelece\u011fimize yap\u0131lan en de\u011ferli yat\u0131r\u0131m oldu\u011funa bir kez daha \u015fahitlik edece\u011fiz. Manisa\u2019m\u0131z\u0131n en k\u00f6kl\u00fc geleneklerinden biri olan Uluslararas\u0131 Manisa Mesir Macunu Festivali\u2019nin de bu d\u00f6neme denk gelmesi, \u015fehrimizin k\u00fclt\u00fcrel miras\u0131n\u0131 tan\u0131tmak a\u00e7\u0131s\u0131ndan b\u00fcy\u00fck bir f\u0131rsat sunuyor. Basketbolun heyecan\u0131 ile festivalimizin co\u015fkusunu bir araya getirerek, sporun sadece saha i\u00e7inde de\u011fil, sosyal ve k\u00fclt\u00fcrel ba\u011flar\u0131 g\u00fc\u00e7lendiren bir ara\u00e7 oldu\u011funu bir kez daha g\u00f6sterece\u011fiz. Gen\u00e7 yeteneklerimizin sahne alaca\u011f\u0131 bu turnuvan\u0131n, sporun birle\u015ftirici g\u00fcc\u00fcn\u00fc en iyi \u015fekilde yans\u0131tmas\u0131n\u0131 temenni ediyorum. Turnuvaya kat\u0131lan t\u00fcm tak\u0131mlara \u015fimdiden ba\u015far\u0131lar diliyor, bu organizasyonun ger\u00e7ekle\u015fmesinde eme\u011fi ge\u00e7en FIBA\u2019ya, T\u00fcrkiye Basketbol Federasyonu\u2019na ve Basketbol \u015eampiyonlar Ligi yetkililerine, Manisa B\u00fcy\u00fck\u015fehir Belediyespor Kul\u00fcb\u00fcm\u00fcze ve t\u00fcm payda\u015flar\u0131m\u0131za te\u015fekk\u00fcr ediyorum. Manisa olarak, sporun ve gen\u00e7lerin yan\u0131nda olmaya devam edece\u011fiz. Bu turnuvan\u0131n, gen\u00e7 basketbolculara ilham vermesini, yeni dostluklara vesile olmas\u0131n\u0131 ve Manisa\u2019m\u0131z\u0131n haf\u0131zalar\u0131nda g\u00fczel bir an\u0131 olarak kalmas\u0131n\u0131 diliyorum. T\u00fcm hem\u015ferilerimi basketbola ve gelece\u011fin y\u0131ld\u0131zlar\u0131na destek olmaya davet ediyorum.&#8221;<br \/>\n<br \/>Manisa BBSK Y\u00f6netim Kurulu \u00dcyesi Basketbol ve Basketbol Alt Yap\u0131 \u015eube Sorumlusu Yusuf K\u00f6seli ise Manisa\u2019n\u0131n altyap\u0131s\u0131 ve spor tesisleri sayesinde 4 \u015fehir i\u00e7inden se\u00e7ildi\u011fini ve bunun \u00f6nemli bir ba\u015far\u0131 oldu\u011funu s\u00f6yledi.<br \/><\/p>\n","protected":false},"excerpt":{"rendered":"<p>FIBA Gen\u00e7ler Basketbol \u015eampiyonlar Ligi, 22-27 Nisan tarihleri aras\u0131nda Manisa\u2019da yap\u0131lacak. Bu y\u0131l 3.\u2019s\u00fc ger\u00e7ekle\u015ftirilecek olan turnuva i\u00e7in 4 \u015fehirle yar\u0131\u015fan Manisa, turnuvan\u0131n ev sahipli\u011fini \u00fcstlendi. Manisa\u2019da, 22-27 Nisan tarihleri aras\u0131nda ger\u00e7ekle\u015ftirilecek olan FIBA Gen\u00e7ler Basketbol \u015eampiyonlar Ligi tan\u0131t\u0131m\u0131 Manisa B\u00fcy\u00fck\u015fehir Belediye Ba\u015fkan\u0131 Ferdi Zeyrek taraf\u0131ndan Yunusemre il\u00e7esindeki bir otelde ger\u00e7ekle\u015ftirildi. Manisa\u2019n\u0131n marka bir kent&#8230;<\/p>\n","protected":false},"author":1,"featured_media":15420,"comment_status":"open","ping_status":"open","sticky":false,"template":"","format":"standard","meta":{"_crdt_document":"","footnotes":""},"categories":[4],"tags":[],"class_list":["post-15418","post","type-post","status-publish","format-standard","has-post-thumbnail","hentry","category-spor"],"_links":{"self":[{"href":"https:\/\/www.egemtv.com\/index.php?rest_route=\/wp\/v2\/posts\/15418","targetHints":{"allow":["GET"]}}],"collection":[{"href":"https:\/\/www.egemtv.com\/index.php?rest_route=\/wp\/v2\/posts"}],"about":[{"href":"https:\/\/www.egemtv.com\/index.php?rest_route=\/wp\/v2\/types\/post"}],"author":[{"embeddable":true,"href":"https:\/\/www.egemtv.com\/index.php?rest_route=\/wp\/v2\/users\/1"}],"replies":[{"embeddable":true,"href":"https:\/\/www.egemtv.com\/index.php?rest_route=%2Fwp%2Fv2%2Fcomments&post=15418"}],"version-history":[{"count":1,"href":"https:\/\/www.egemtv.com\/index.php?rest_route=\/wp\/v2\/posts\/15418\/revisions"}],"predecessor-version":[{"id":15423,"href":"https:\/\/www.egemtv.com\/index.php?rest_route=\/wp\/v2\/posts\/15418\/revisions\/15423"}],"wp:featuredmedia":[{"embeddable":true,"href":"https:\/\/www.egemtv.com\/index.php?rest_route=\/wp\/v2\/media\/15420"}],"wp:attachment":[{"href":"https:\/\/www.egemtv.com\/index.php?rest_route=%2Fwp%2Fv2%2Fmedia&parent=15418"}],"wp:term":[{"taxonomy":"category","embeddable":true,"href":"https:\/\/www.egemtv.com\/index.php?rest_route=%2Fwp%2Fv2%2Fcategories&post=15418"},{"taxonomy":"post_tag","embeddable":true,"href":"https:\/\/www.egemtv.com\/index.php?rest_route=%2Fwp%2Fv2%2Ftags&post=15418"}],"curies":[{"name":"wp","href":"https:\/\/api.w.org\/{rel}","templated":true}]}}