{"id":15410,"date":"2025-02-04T15:56:02","date_gmt":"2025-02-04T12:56:02","guid":{"rendered":"https:\/\/www.egemtv.com\/?p=15410"},"modified":"2025-02-04T15:56:08","modified_gmt":"2025-02-04T12:56:08","slug":"surdurulebilir-koyun-projesi-hayata-geciyor","status":"publish","type":"post","link":"https:\/\/www.egemtv.com\/?p=15410","title":{"rendered":"S\u00fcrd\u00fcr\u00fclebilir Koyun Projesi hayata ge\u00e7iyor"},"content":{"rendered":"<p>\u0130GM \u015eubat ay\u0131 toplant\u0131lar\u0131n\u0131n ikinci bile\u015fiminde S\u00fcrd\u00fcr\u00fclebilir Koyun Projesi g\u00f6r\u00fc\u015f\u00fclerek, de\u011ferlendirilmek \u00fczere gerekli komisyonlara havale edildi.<br \/>\n<br \/>\u0130l Genel Meclisi (\u0130GM) \u015eubat ay\u0131 toplant\u0131lar\u0131n\u0131n ikinci bile\u015fimi ger\u00e7ekle\u015ftirildi. Meclis Ba\u015fkan\u0131 Mehmet Siper idaresinde ba\u015flayan toplant\u0131 misafirlerin tan\u0131t\u0131lmas\u0131 ile s\u00fcrd\u00fc. Yoklaman\u0131n al\u0131nmas\u0131 ile devam eden toplant\u0131n\u0131n a\u00e7\u0131l\u0131\u015f\u0131nda g\u00fcndem d\u0131\u015f\u0131 maddeler g\u00f6r\u00fc\u015f\u00fclerek oy birli\u011fi ile karara ba\u011fland\u0131. \u00dclkenin k\u0131rm\u0131z\u0131 et \u00fcretimine katk\u0131 sa\u011flanmas\u0131 amac\u0131yla haz\u0131rlanan S\u00fcrd\u00fcr\u00fclebilir Koyun Projesi \u00e7er\u00e7evesinde \u00fcreticilere koyun ve ko\u00e7 da\u011f\u0131t\u0131lacak. Desteklemeler i\u00e7in \u00fcreticiler m\u00fcracaatlar\u0131n\u0131 il\u00e7e \u00f6zel idare m\u00fcd\u00fcrl\u00fcklerine yapacak. De\u011ferlendirmeler sonucunda uygun g\u00f6r\u00fclen \u00fcreticilere geri d\u00f6n\u00fc\u015f sa\u011flanarak hayvanlar teslim edilecek.<br \/><\/p>\n","protected":false},"excerpt":{"rendered":"<p>\u0130GM \u015eubat ay\u0131 toplant\u0131lar\u0131n\u0131n ikinci bile\u015fiminde S\u00fcrd\u00fcr\u00fclebilir Koyun Projesi g\u00f6r\u00fc\u015f\u00fclerek, de\u011ferlendirilmek \u00fczere gerekli komisyonlara havale edildi. \u0130l Genel Meclisi (\u0130GM) \u015eubat ay\u0131 toplant\u0131lar\u0131n\u0131n ikinci bile\u015fimi ger\u00e7ekle\u015ftirildi. Meclis Ba\u015fkan\u0131 Mehmet Siper idaresinde ba\u015flayan toplant\u0131 misafirlerin tan\u0131t\u0131lmas\u0131 ile s\u00fcrd\u00fc. Yoklaman\u0131n al\u0131nmas\u0131 ile devam eden toplant\u0131n\u0131n a\u00e7\u0131l\u0131\u015f\u0131nda g\u00fcndem d\u0131\u015f\u0131 maddeler g\u00f6r\u00fc\u015f\u00fclerek oy birli\u011fi ile karara ba\u011fland\u0131. \u00dclkenin k\u0131rm\u0131z\u0131&#8230;<\/p>\n","protected":false},"author":1,"featured_media":15411,"comment_status":"open","ping_status":"open","sticky":false,"template":"","format":"standard","meta":{"_crdt_document":"","footnotes":""},"categories":[1],"tags":[],"class_list":["post-15410","post","type-post","status-publish","format-standard","has-post-thumbnail","hentry","category-guncel"],"_links":{"self":[{"href":"https:\/\/www.egemtv.com\/index.php?rest_route=\/wp\/v2\/posts\/15410","targetHints":{"allow":["GET"]}}],"collection":[{"href":"https:\/\/www.egemtv.com\/index.php?rest_route=\/wp\/v2\/posts"}],"about":[{"href":"https:\/\/www.egemtv.com\/index.php?rest_route=\/wp\/v2\/types\/post"}],"author":[{"embeddable":true,"href":"https:\/\/www.egemtv.com\/index.php?rest_route=\/wp\/v2\/users\/1"}],"replies":[{"embeddable":true,"href":"https:\/\/www.egemtv.com\/index.php?rest_route=%2Fwp%2Fv2%2Fcomments&post=15410"}],"version-history":[{"count":1,"href":"https:\/\/www.egemtv.com\/index.php?rest_route=\/wp\/v2\/posts\/15410\/revisions"}],"predecessor-version":[{"id":15414,"href":"https:\/\/www.egemtv.com\/index.php?rest_route=\/wp\/v2\/posts\/15410\/revisions\/15414"}],"wp:featuredmedia":[{"embeddable":true,"href":"https:\/\/www.egemtv.com\/index.php?rest_route=\/wp\/v2\/media\/15411"}],"wp:attachment":[{"href":"https:\/\/www.egemtv.com\/index.php?rest_route=%2Fwp%2Fv2%2Fmedia&parent=15410"}],"wp:term":[{"taxonomy":"category","embeddable":true,"href":"https:\/\/www.egemtv.com\/index.php?rest_route=%2Fwp%2Fv2%2Fcategories&post=15410"},{"taxonomy":"post_tag","embeddable":true,"href":"https:\/\/www.egemtv.com\/index.php?rest_route=%2Fwp%2Fv2%2Ftags&post=15410"}],"curies":[{"name":"wp","href":"https:\/\/api.w.org\/{rel}","templated":true}]}}