{"id":15377,"date":"2025-02-04T14:47:54","date_gmt":"2025-02-04T11:47:54","guid":{"rendered":"https:\/\/www.egemtv.com\/?p=15377"},"modified":"2025-02-04T14:47:58","modified_gmt":"2025-02-04T11:47:58","slug":"denizlide-ataturk-yol-kosusu-yapildi","status":"publish","type":"post","link":"https:\/\/www.egemtv.com\/?p=15377","title":{"rendered":"Denizli\u2019de Atat\u00fcrk Yol Ko\u015fusu yap\u0131ld\u0131"},"content":{"rendered":"<p>Mustafa Kemal Atat\u00fcrk\u2019\u00fcn Denizli\u2019ye geli\u015finin 94. Y\u0131ld\u00f6n\u00fcm\u00fc dolay\u0131s\u0131yla Denizli Gen\u00e7lik ve Spor \u0130l M\u00fcd\u00fcrl\u00fc\u011f\u00fc koordinesinde &#8220;Atat\u00fcrk Yol Ko\u015fusu&#8221; d\u00fczenlendi. Tren Gar\u0131\u2019ndan start alan ko\u015fu, Delikli\u00e7\u0131nar 15 Temmuz \u015eehitler Meydan\u0131\u2019nda sona erdi.<\/p>\n<p>B\u00fcy\u00fck \u00d6nder Mustafa Kemal Atat\u00fcrk, zorlu m\u00fccadeleler ve e\u015fsiz kahramanl\u0131klarla kazan\u0131lan ba\u011f\u0131ms\u0131zl\u0131\u011f\u0131n sevincini halkla payla\u015fmak \u00fczere 4 \u015eubat 1931 tarihinde Denizli\u2019ye te\u015frif etmi\u015fti. Bu ziyaretin 94. y\u0131ld\u00f6n\u00fcm\u00fc an\u0131s\u0131na 4 \u015eubat Sal\u0131 g\u00fcn\u00fc Atletizm Federasyonu Denizli \u0130l Temsilcili\u011fi ve Denizli Gen\u00e7lik Spor \u0130l M\u00fcd\u00fcrl\u00fc\u011f\u00fc organizasyonunda Yol Ko\u015fusu d\u00fczenlendi. Atat\u00fcrk Yol Ko\u015fusu saat 09.00\u2019da Denizli Tren Gar\u0131 \u00f6n\u00fcnden start verilerek ba\u015flad\u0131. 15 Temmuz Delikli\u00e7\u0131nar Meydan\u0131nda son buldu. Her ya\u015ftan sporcunun kat\u0131ld\u0131\u011f\u0131 Atat\u00fcrk Yol Ko\u015fusunda kategorilerinde dereceye giren sporcular yap\u0131lan resmi programda Vali \u00d6mer Faruk Co\u015fkun ile il protokol\u00fc taraf\u0131ndan \u00f6d\u00fcllendirildi.<br \/><\/p>\n","protected":false},"excerpt":{"rendered":"<p>Mustafa Kemal Atat\u00fcrk\u2019\u00fcn Denizli\u2019ye geli\u015finin 94. Y\u0131ld\u00f6n\u00fcm\u00fc dolay\u0131s\u0131yla Denizli Gen\u00e7lik ve Spor \u0130l M\u00fcd\u00fcrl\u00fc\u011f\u00fc koordinesinde &#8220;Atat\u00fcrk Yol Ko\u015fusu&#8221; d\u00fczenlendi. Tren Gar\u0131\u2019ndan start alan ko\u015fu, Delikli\u00e7\u0131nar 15 Temmuz \u015eehitler Meydan\u0131\u2019nda sona erdi. B\u00fcy\u00fck \u00d6nder Mustafa Kemal Atat\u00fcrk, zorlu m\u00fccadeleler ve e\u015fsiz kahramanl\u0131klarla kazan\u0131lan ba\u011f\u0131ms\u0131zl\u0131\u011f\u0131n sevincini halkla payla\u015fmak \u00fczere 4 \u015eubat 1931 tarihinde Denizli\u2019ye te\u015frif etmi\u015fti. Bu&#8230;<\/p>\n","protected":false},"author":1,"featured_media":15378,"comment_status":"open","ping_status":"open","sticky":false,"template":"","format":"standard","meta":{"_crdt_document":"","footnotes":""},"categories":[4],"tags":[],"class_list":["post-15377","post","type-post","status-publish","format-standard","has-post-thumbnail","hentry","category-spor"],"_links":{"self":[{"href":"https:\/\/www.egemtv.com\/index.php?rest_route=\/wp\/v2\/posts\/15377","targetHints":{"allow":["GET"]}}],"collection":[{"href":"https:\/\/www.egemtv.com\/index.php?rest_route=\/wp\/v2\/posts"}],"about":[{"href":"https:\/\/www.egemtv.com\/index.php?rest_route=\/wp\/v2\/types\/post"}],"author":[{"embeddable":true,"href":"https:\/\/www.egemtv.com\/index.php?rest_route=\/wp\/v2\/users\/1"}],"replies":[{"embeddable":true,"href":"https:\/\/www.egemtv.com\/index.php?rest_route=%2Fwp%2Fv2%2Fcomments&post=15377"}],"version-history":[{"count":1,"href":"https:\/\/www.egemtv.com\/index.php?rest_route=\/wp\/v2\/posts\/15377\/revisions"}],"predecessor-version":[{"id":15379,"href":"https:\/\/www.egemtv.com\/index.php?rest_route=\/wp\/v2\/posts\/15377\/revisions\/15379"}],"wp:featuredmedia":[{"embeddable":true,"href":"https:\/\/www.egemtv.com\/index.php?rest_route=\/wp\/v2\/media\/15378"}],"wp:attachment":[{"href":"https:\/\/www.egemtv.com\/index.php?rest_route=%2Fwp%2Fv2%2Fmedia&parent=15377"}],"wp:term":[{"taxonomy":"category","embeddable":true,"href":"https:\/\/www.egemtv.com\/index.php?rest_route=%2Fwp%2Fv2%2Fcategories&post=15377"},{"taxonomy":"post_tag","embeddable":true,"href":"https:\/\/www.egemtv.com\/index.php?rest_route=%2Fwp%2Fv2%2Ftags&post=15377"}],"curies":[{"name":"wp","href":"https:\/\/api.w.org\/{rel}","templated":true}]}}