{"id":15374,"date":"2025-02-04T14:47:49","date_gmt":"2025-02-04T11:47:49","guid":{"rendered":"https:\/\/www.egemtv.com\/?p=15374"},"modified":"2025-02-04T14:47:54","modified_gmt":"2025-02-04T11:47:54","slug":"denizlinin-ilk-halk-ekmek-fabrikasi-merkezefendide-aciliyor","status":"publish","type":"post","link":"https:\/\/www.egemtv.com\/?p=15374","title":{"rendered":"Denizli\u2019nin ilk Halk Ekmek Fabrikas\u0131 Merkezefendi\u2019de a\u00e7\u0131l\u0131yor"},"content":{"rendered":"<p>Merkezefendi Belediyesi\u2019nce hayata ge\u00e7irilen Denizli\u2019nin ilk ve tek Halk Ekmek Fabrikas\u0131 hizmete a\u00e7\u0131l\u0131yor. Merkezefendi Belediye Ba\u015fkan\u0131 \u015eeniz Do\u011fan, &#8220;Halk S\u00fct, Halk Ekmek ve Halk Et\u2019i ayn\u0131 anda sunan ilk ve tek il\u00e7e belediyesi olarak, Denizli\u2019nin ilk Halk Ekmek Fabrikas\u0131n\u0131 da hizmete a\u00e7\u0131yoruz. A\u00e7\u0131l\u0131\u015f t\u00f6renimize t\u00fcm hem\u015ferilerimizi davet ediyorum&#8221; dedi.<\/p>\n<p>Halk S\u00fct, Halk Ekmek ve Halk Et\u2019i ayn\u0131 anda sunan ilk ve tek il\u00e7e belediyesi olan Merkezefendi Belediyesi, Denizli\u2019nin ilk Halk Ekmek Fabrikas\u0131\u2019n\u0131 faaliyete ge\u00e7iriyor. 3 bin 600 metre kare kapal\u0131 alana sahip olan fabrikada; sofral\u0131k ekmek ve roll ekmek \u00fcretim alan\u0131, gl\u00fctensiz \u00fcr\u00fcnler \u00fcretim alan\u0131, ya\u015f pasta ve kuru pasta \u00fcretim alan\u0131, simit po\u011fa\u00e7a \u00fcretim alan\u0131, Halk Et par\u00e7alama alan\u0131 ve end\u00fcstriyel mutfa\u011f\u0131 ile Ege\u2019nin en b\u00fcy\u00fck entegre \u00fcretim tesisi olma \u00f6zelli\u011fini ta\u015f\u0131yor.<br \/>\n<br \/>Merkezefendi Halk Ekmek Fabrikas\u0131, 5 \u015eubat \u00c7ar\u015famba g\u00fcn\u00fc saat 11.30\u2019da Bozburun Mahallesi Ahmet Nazif Zorlu Sanayi Sitesi i\u00e7erisinde a\u00e7\u0131lacak. A\u00e7\u0131l\u0131\u015f t\u00f6reninde Halk Et ve Halk Ekmek \u00fcr\u00fcnleri kat\u0131lan vatanda\u015flara ikram edilecek.<\/p>\n<p>A\u00e7\u0131l\u0131\u015fa gitmek isteyenler i\u00e7in servis kald\u0131r\u0131lacak<br \/>\n<br \/>Halk Ekmek Fabrikas\u0131\u2019n\u0131n a\u00e7\u0131l\u0131\u015f t\u00f6renine kat\u0131lmak isteyen vatanda\u015flar\u0131n ula\u015f\u0131m\u0131n\u0131 sa\u011flamak i\u00e7in Merkezefendi Belediyesi Ana Hizmet Binas\u0131\u2019ndan, 1200 Evler Pazar Yeri\u2019nden, Esentepe Pazar Yeri\u2019nden ve Adalet Park\u0131 Adliye Saray\u0131 \u00f6n\u00fcnden e\u015f zamanl\u0131 olarak saat 10.30\u2019da servisler hareket edecektir.<\/p>\n<p>&#8220;Hem uygun fiyatl\u0131 hem lezzetli, halk ekmek fabrikam\u0131z kap\u0131lar\u0131n\u0131 a\u00e7\u0131yor&#8221;<br \/>\n<br \/>Hane b\u00fct\u00e7elerine katk\u0131 sa\u011flamaya devam edeceklerini belirten Merkezefendi Belediye Ba\u015fkan\u0131 \u015eeniz Do\u011fan, &#8220;Halk S\u00fct, Halk Ekmek ve Halk Et\u2019i ayn\u0131 anda sunan ilk ve tek il\u00e7e belediyesi olarak, Denizli\u2019nin ilk Halk Ekmek Fabrikas\u0131n\u0131 da hizmete a\u00e7\u0131yoruz. 3 bin 600 metre kare kapal\u0131 alan i\u00e7erisinde sofral\u0131k ekmek ve roll ekmek \u00fcretim alan\u0131, gl\u00fctensiz \u00fcr\u00fcnler \u00fcretim alan\u0131, ya\u015f pasta ve kuru pasta \u00fcretim alan\u0131, simit po\u011fa\u00e7a \u00fcretim alan\u0131, Halk Et par\u00e7alama alan\u0131 ve end\u00fcstriyel mutfa\u011f\u0131 ile Ege\u2019nin en b\u00fcy\u00fck entegre \u00fcretim tesisi olma \u00f6zelli\u011fine sahip Halk Ekmek Fabrikam\u0131z sizleri kaliteli, g\u00fcvenilir ve uygun fiyatl\u0131 g\u0131da \u00fcr\u00fcnleriyle bulu\u015fturacak. \u00dcreten Merkezefendi hedefiyle \u00e7\u0131kt\u0131\u011f\u0131m\u0131z bu yolda, siz de\u011ferli hem\u015fehrilerimizin b\u00fct\u00e7esine katk\u0131 sa\u011flayacak olan Merkezefendi Halk Ekmek Fabrikam\u0131z, 5 \u015eubat \u00c7ar\u015famba g\u00fcn\u00fc saat 11.30\u2019da a\u00e7\u0131lacak. Bozburun Mahallesi Ahmet Nazif Zorlu Sanayi Sitesi i\u00e7erisindeki a\u00e7\u0131l\u0131\u015f t\u00f6renimize t\u00fcm hem\u015ferilerimizi davet ediyorum&#8221; dedi.<br \/><\/p>\n","protected":false},"excerpt":{"rendered":"<p>Merkezefendi Belediyesi\u2019nce hayata ge\u00e7irilen Denizli\u2019nin ilk ve tek Halk Ekmek Fabrikas\u0131 hizmete a\u00e7\u0131l\u0131yor. Merkezefendi Belediye Ba\u015fkan\u0131 \u015eeniz Do\u011fan, &#8220;Halk S\u00fct, Halk Ekmek ve Halk Et\u2019i ayn\u0131 anda sunan ilk ve tek il\u00e7e belediyesi olarak, Denizli\u2019nin ilk Halk Ekmek Fabrikas\u0131n\u0131 da hizmete a\u00e7\u0131yoruz. A\u00e7\u0131l\u0131\u015f t\u00f6renimize t\u00fcm hem\u015ferilerimizi davet ediyorum&#8221; dedi. Halk S\u00fct, Halk Ekmek ve Halk&#8230;<\/p>\n","protected":false},"author":1,"featured_media":15375,"comment_status":"open","ping_status":"open","sticky":false,"template":"","format":"standard","meta":{"_crdt_document":"","footnotes":""},"categories":[127],"tags":[],"class_list":["post-15374","post","type-post","status-publish","format-standard","has-post-thumbnail","hentry","category-siyaset"],"_links":{"self":[{"href":"https:\/\/www.egemtv.com\/index.php?rest_route=\/wp\/v2\/posts\/15374","targetHints":{"allow":["GET"]}}],"collection":[{"href":"https:\/\/www.egemtv.com\/index.php?rest_route=\/wp\/v2\/posts"}],"about":[{"href":"https:\/\/www.egemtv.com\/index.php?rest_route=\/wp\/v2\/types\/post"}],"author":[{"embeddable":true,"href":"https:\/\/www.egemtv.com\/index.php?rest_route=\/wp\/v2\/users\/1"}],"replies":[{"embeddable":true,"href":"https:\/\/www.egemtv.com\/index.php?rest_route=%2Fwp%2Fv2%2Fcomments&post=15374"}],"version-history":[{"count":1,"href":"https:\/\/www.egemtv.com\/index.php?rest_route=\/wp\/v2\/posts\/15374\/revisions"}],"predecessor-version":[{"id":15376,"href":"https:\/\/www.egemtv.com\/index.php?rest_route=\/wp\/v2\/posts\/15374\/revisions\/15376"}],"wp:featuredmedia":[{"embeddable":true,"href":"https:\/\/www.egemtv.com\/index.php?rest_route=\/wp\/v2\/media\/15375"}],"wp:attachment":[{"href":"https:\/\/www.egemtv.com\/index.php?rest_route=%2Fwp%2Fv2%2Fmedia&parent=15374"}],"wp:term":[{"taxonomy":"category","embeddable":true,"href":"https:\/\/www.egemtv.com\/index.php?rest_route=%2Fwp%2Fv2%2Fcategories&post=15374"},{"taxonomy":"post_tag","embeddable":true,"href":"https:\/\/www.egemtv.com\/index.php?rest_route=%2Fwp%2Fv2%2Ftags&post=15374"}],"curies":[{"name":"wp","href":"https:\/\/api.w.org\/{rel}","templated":true}]}}