{"id":15368,"date":"2025-02-04T14:40:42","date_gmt":"2025-02-04T11:40:42","guid":{"rendered":"https:\/\/www.egemtv.com\/?p=15368"},"modified":"2025-02-04T14:40:45","modified_gmt":"2025-02-04T11:40:45","slug":"cinayet-sucundan-hukumlu-sahis-rutin-kontrolde-yakalandi","status":"publish","type":"post","link":"https:\/\/www.egemtv.com\/?p=15368","title":{"rendered":"Cinayet su\u00e7undan h\u00fck\u00fcml\u00fc \u015fah\u0131s, rutin kontrolde yakaland\u0131"},"content":{"rendered":"<p>Hakk\u0131nda kasten adam \u00f6ld\u00fcrme su\u00e7undan 25 y\u0131l 10 ay kesinle\u015fmi\u015f hapis cezas\u0131 bulunan bir h\u00fck\u00fcml\u00fc, polisin rutin devriye g\u00f6revinde kimlik sorgunda yakay\u0131 ele verdi.<br \/>\n<br \/>Konak \u0130l\u00e7e Emniyet M\u00fcd\u00fcrl\u00fc\u011f\u00fc Devriye Ekipler Amirli\u011fine ba\u011fl\u0131 ATV\u2019li Polis Timleri taraf\u0131ndan Alsancak\u2019ta K\u0131br\u0131s \u015eehitleri Caddesi \u00fczerinde S.Y. (37) isimli \u015fahs\u0131n yap\u0131lan sorgusunda &#8220;Kasten Adam \u00d6ld\u00fcrme&#8221; su\u00e7undan toplamda 25 y\u0131l 10 ay kesilmi\u015f hapis cezas\u0131 ile arand\u0131\u011f\u0131 tespit edildi. G\u00f6zalt\u0131na al\u0131nan S.Y. emniyetteki i\u015flemlerinin ard\u0131ndan adli makamlarca tutuklanarak cezaevine g\u00f6nderildi.<br \/><\/p>\n","protected":false},"excerpt":{"rendered":"<p>Hakk\u0131nda kasten adam \u00f6ld\u00fcrme su\u00e7undan 25 y\u0131l 10 ay kesinle\u015fmi\u015f hapis cezas\u0131 bulunan bir h\u00fck\u00fcml\u00fc, polisin rutin devriye g\u00f6revinde kimlik sorgunda yakay\u0131 ele verdi. Konak \u0130l\u00e7e Emniyet M\u00fcd\u00fcrl\u00fc\u011f\u00fc Devriye Ekipler Amirli\u011fine ba\u011fl\u0131 ATV\u2019li Polis Timleri taraf\u0131ndan Alsancak\u2019ta K\u0131br\u0131s \u015eehitleri Caddesi \u00fczerinde S.Y. (37) isimli \u015fahs\u0131n yap\u0131lan sorgusunda &#8220;Kasten Adam \u00d6ld\u00fcrme&#8221; su\u00e7undan toplamda 25 y\u0131l 10&#8230;<\/p>\n","protected":false},"author":1,"featured_media":15369,"comment_status":"open","ping_status":"open","sticky":false,"template":"","format":"standard","meta":{"_crdt_document":"","footnotes":""},"categories":[5],"tags":[],"class_list":["post-15368","post","type-post","status-publish","format-standard","has-post-thumbnail","hentry","category-asayis"],"_links":{"self":[{"href":"https:\/\/www.egemtv.com\/index.php?rest_route=\/wp\/v2\/posts\/15368","targetHints":{"allow":["GET"]}}],"collection":[{"href":"https:\/\/www.egemtv.com\/index.php?rest_route=\/wp\/v2\/posts"}],"about":[{"href":"https:\/\/www.egemtv.com\/index.php?rest_route=\/wp\/v2\/types\/post"}],"author":[{"embeddable":true,"href":"https:\/\/www.egemtv.com\/index.php?rest_route=\/wp\/v2\/users\/1"}],"replies":[{"embeddable":true,"href":"https:\/\/www.egemtv.com\/index.php?rest_route=%2Fwp%2Fv2%2Fcomments&post=15368"}],"version-history":[{"count":1,"href":"https:\/\/www.egemtv.com\/index.php?rest_route=\/wp\/v2\/posts\/15368\/revisions"}],"predecessor-version":[{"id":15370,"href":"https:\/\/www.egemtv.com\/index.php?rest_route=\/wp\/v2\/posts\/15368\/revisions\/15370"}],"wp:featuredmedia":[{"embeddable":true,"href":"https:\/\/www.egemtv.com\/index.php?rest_route=\/wp\/v2\/media\/15369"}],"wp:attachment":[{"href":"https:\/\/www.egemtv.com\/index.php?rest_route=%2Fwp%2Fv2%2Fmedia&parent=15368"}],"wp:term":[{"taxonomy":"category","embeddable":true,"href":"https:\/\/www.egemtv.com\/index.php?rest_route=%2Fwp%2Fv2%2Fcategories&post=15368"},{"taxonomy":"post_tag","embeddable":true,"href":"https:\/\/www.egemtv.com\/index.php?rest_route=%2Fwp%2Fv2%2Ftags&post=15368"}],"curies":[{"name":"wp","href":"https:\/\/api.w.org\/{rel}","templated":true}]}}