{"id":15362,"date":"2025-02-04T14:38:09","date_gmt":"2025-02-04T11:38:09","guid":{"rendered":"https:\/\/www.egemtv.com\/?p=15362"},"modified":"2025-02-04T14:38:14","modified_gmt":"2025-02-04T11:38:14","slug":"salihlili-4-judocu-umit-milli-takimina-secildi","status":"publish","type":"post","link":"https:\/\/www.egemtv.com\/?p=15362","title":{"rendered":"Salihlili 4 judocu \u00dcmit Milli tak\u0131m\u0131na se\u00e7ildi"},"content":{"rendered":"<p>Manisa\u2019n\u0131n Salihli il\u00e7esi judocular\u0131, Ankara\u2019da d\u00fczenlenen Spor Toto \u00dcmitler T\u00fcrkiye Judo \u015eampiyonas\u0131\u2019ndan madalyalarla d\u00f6nd\u00fc. Madalya alan judocular, \u00dcmit Milli Tak\u0131ma se\u00e7ildi.<br \/>\n<br \/>T\u00fcrkiye Judo Federasyonu\u2019nun 2025 y\u0131l\u0131 faaliyet program\u0131nda yer alan Spor Toto \u00dcmitler T\u00fcrkiye Judo \u015eampiyonas\u0131, 60 ilden 960 sporcunun kat\u0131l\u0131m\u0131yla Ankara\u2019da ger\u00e7ekle\u015ftirildi. B\u00fcy\u00fck heyecana ve m\u00fccadeleye sahne olan m\u00fcsabakalarda Salihli Belediyespor Kul\u00fcb\u00fc judocular\u0131ndan Celal G\u00fcnd\u00fcz 90 kiloda, G\u00fcner K\u0131ymet Diker +70 kiloda T\u00fcrkiye \u00fc\u00e7\u00fcnc\u00fcs\u00fc olurken, Merve \u00c7\u0131nar 57 kiloda, M\u00fcr\u00fcvet \u00d6zkan +70 kiloda T\u00fcrkiye be\u015fincisi oldu.<br \/>\n<br \/>Salihli\u2019ye madalya gururu ya\u015fatan judocular, \u00dcmit Milli tak\u0131m\u0131na se\u00e7ildi.<br \/><\/p>\n","protected":false},"excerpt":{"rendered":"<p>Manisa\u2019n\u0131n Salihli il\u00e7esi judocular\u0131, Ankara\u2019da d\u00fczenlenen Spor Toto \u00dcmitler T\u00fcrkiye Judo \u015eampiyonas\u0131\u2019ndan madalyalarla d\u00f6nd\u00fc. Madalya alan judocular, \u00dcmit Milli Tak\u0131ma se\u00e7ildi. T\u00fcrkiye Judo Federasyonu\u2019nun 2025 y\u0131l\u0131 faaliyet program\u0131nda yer alan Spor Toto \u00dcmitler T\u00fcrkiye Judo \u015eampiyonas\u0131, 60 ilden 960 sporcunun kat\u0131l\u0131m\u0131yla Ankara\u2019da ger\u00e7ekle\u015ftirildi. B\u00fcy\u00fck heyecana ve m\u00fccadeleye sahne olan m\u00fcsabakalarda Salihli Belediyespor Kul\u00fcb\u00fc judocular\u0131ndan Celal&#8230;<\/p>\n","protected":false},"author":1,"featured_media":15363,"comment_status":"open","ping_status":"open","sticky":false,"template":"","format":"standard","meta":{"_crdt_document":"","footnotes":""},"categories":[4],"tags":[],"class_list":["post-15362","post","type-post","status-publish","format-standard","has-post-thumbnail","hentry","category-spor"],"_links":{"self":[{"href":"https:\/\/www.egemtv.com\/index.php?rest_route=\/wp\/v2\/posts\/15362","targetHints":{"allow":["GET"]}}],"collection":[{"href":"https:\/\/www.egemtv.com\/index.php?rest_route=\/wp\/v2\/posts"}],"about":[{"href":"https:\/\/www.egemtv.com\/index.php?rest_route=\/wp\/v2\/types\/post"}],"author":[{"embeddable":true,"href":"https:\/\/www.egemtv.com\/index.php?rest_route=\/wp\/v2\/users\/1"}],"replies":[{"embeddable":true,"href":"https:\/\/www.egemtv.com\/index.php?rest_route=%2Fwp%2Fv2%2Fcomments&post=15362"}],"version-history":[{"count":1,"href":"https:\/\/www.egemtv.com\/index.php?rest_route=\/wp\/v2\/posts\/15362\/revisions"}],"predecessor-version":[{"id":15364,"href":"https:\/\/www.egemtv.com\/index.php?rest_route=\/wp\/v2\/posts\/15362\/revisions\/15364"}],"wp:featuredmedia":[{"embeddable":true,"href":"https:\/\/www.egemtv.com\/index.php?rest_route=\/wp\/v2\/media\/15363"}],"wp:attachment":[{"href":"https:\/\/www.egemtv.com\/index.php?rest_route=%2Fwp%2Fv2%2Fmedia&parent=15362"}],"wp:term":[{"taxonomy":"category","embeddable":true,"href":"https:\/\/www.egemtv.com\/index.php?rest_route=%2Fwp%2Fv2%2Fcategories&post=15362"},{"taxonomy":"post_tag","embeddable":true,"href":"https:\/\/www.egemtv.com\/index.php?rest_route=%2Fwp%2Fv2%2Ftags&post=15362"}],"curies":[{"name":"wp","href":"https:\/\/api.w.org\/{rel}","templated":true}]}}