{"id":15359,"date":"2025-02-04T14:36:55","date_gmt":"2025-02-04T11:36:55","guid":{"rendered":"https:\/\/www.egemtv.com\/?p=15359"},"modified":"2025-02-04T14:37:00","modified_gmt":"2025-02-04T11:37:00","slug":"soma-hukumet-konaginin-yuzde-70i-tamamlandi","status":"publish","type":"post","link":"https:\/\/www.egemtv.com\/?p=15359","title":{"rendered":"Soma H\u00fck\u00fcmet Kona\u011f\u0131n\u0131n y\u00fczde 70\u2019i tamamland\u0131"},"content":{"rendered":"<p>Manisa\u2019n\u0131n Soma il\u00e7esinde, depreme dayan\u0131ks\u0131z raporu verilmesinin ard\u0131ndan bo\u015falt\u0131lan eski H\u00fck\u00fcmet Kona\u011f\u0131\u2019n\u0131n y\u0131k\u0131larak yerine modern ve geleneksel mimarinin harmanlanmas\u0131yla yap\u0131lan yeni binan\u0131n y\u00fczde 70\u2019inin tamamland\u0131\u011f\u0131 ve temmuz ay\u0131nda teslim edilece\u011fi \u00f6\u011frenildi.<br \/>\n<br \/>Manisa Yat\u0131r\u0131m \u0130zleme ve Koordinasyon Ba\u015fkanl\u0131\u011f\u0131 taraf\u0131ndan yapt\u0131r\u0131lan Soma Kaymakaml\u0131\u011f\u0131\u2019n\u0131n yeni binas\u0131, Cengiz Topel Meydan\u0131\u2019nda eski binan\u0131n y\u0131k\u0131lmas\u0131n\u0131n ard\u0131ndan in\u015fa edilmeye ba\u015fland\u0131. 2023 y\u0131l\u0131nda ihalesi ger\u00e7ekle\u015ftirilen proje, 2024 ocak ay\u0131nda kaba in\u015faat s\u00fcrecine girdi. \u015eu an itibariyle in\u015faat\u0131n y\u00fczde 70\u2019i tamamlan\u0131rken, geriye sadece ince i\u015f\u00e7iliklerin kald\u0131\u011f\u0131 belirtildi. Binan\u0131n, temmuz ay\u0131 i\u00e7inde tamamlanarak hizmete a\u00e7\u0131lmas\u0131 bekleniyor.<\/p>\n<p>Kapsaml\u0131 kamu hizmeti bir arada<br \/>\n<br \/>Yeni binan\u0131n en \u00f6nemli \u00f6zelli\u011fi, kaymakaml\u0131k birimleriyle birlikte bir\u00e7ok kamu kurumunun ayn\u0131 \u00e7at\u0131 alt\u0131nda toplanacak olmas\u0131. Soma halk\u0131, Kaymakaml\u0131k, \u0130l\u00e7e Yaz\u0131 \u0130\u015fleri M\u00fcd\u00fcrl\u00fc\u011f\u00fc, \u0130l\u00e7e N\u00fcfus M\u00fcd\u00fcrl\u00fc\u011f\u00fc, \u0130l\u00e7e Tapu M\u00fcd\u00fcrl\u00fc\u011f\u00fc, \u0130l\u00e7e Milli E\u011fitim M\u00fcd\u00fcrl\u00fc\u011f\u00fc, Sosyal Yard\u0131mla\u015fma Vakf\u0131, \u0130\u015fkur, Sosyal Hizmetler M\u00fcd\u00fcrl\u00fc\u011f\u00fc, Milli Emlak \u015eefli\u011fi, A\u00e7\u0131k Kap\u0131 \u015eefli\u011fi, \u0130l\u00e7e Gen\u00e7lik Spor M\u00fcd\u00fcrl\u00fc\u011f\u00fc, Kadastro M\u00fcd\u00fcrl\u00fc\u011f\u00fc ve Organize Sanayi M\u00fcd\u00fcrl\u00fc\u011f\u00fc gibi \u00f6nemli kurumlara tek bir binada eri\u015febilecek. B\u00f6ylece vatanda\u015flar, kamu hizmetlerine daha h\u0131zl\u0131 ve kolay bir \u015fekilde ula\u015fma imk\u00e2n\u0131 bulacak.<\/p>\n<p>Modern imkanlarla donat\u0131lacak<br \/>\n<br \/>Yeni bina, sadece hizmet kalitesini art\u0131rmakla kalmayacak, ayn\u0131 zamanda modern yap\u0131s\u0131yla da g\u00f6z dolduracak. Binada, \u00e7ok ama\u00e7l\u0131 konferans ve toplant\u0131 salonlar\u0131, geni\u015f oto park alan\u0131, t\u00f6ren alan\u0131 ve engelli vatanda\u015flar i\u00e7in \u00f6zel olarak tasarlanm\u0131\u015f engelli asans\u00f6r\u00fc bulunacak. Bu \u00f6zellikler, t\u00fcm ya\u015f ve engel gruplar\u0131ndaki vatanda\u015flar\u0131n kolayca hizmet alabilmesini sa\u011flayacak.<br \/><\/p>\n","protected":false},"excerpt":{"rendered":"<p>Manisa\u2019n\u0131n Soma il\u00e7esinde, depreme dayan\u0131ks\u0131z raporu verilmesinin ard\u0131ndan bo\u015falt\u0131lan eski H\u00fck\u00fcmet Kona\u011f\u0131\u2019n\u0131n y\u0131k\u0131larak yerine modern ve geleneksel mimarinin harmanlanmas\u0131yla yap\u0131lan yeni binan\u0131n y\u00fczde 70\u2019inin tamamland\u0131\u011f\u0131 ve temmuz ay\u0131nda teslim edilece\u011fi \u00f6\u011frenildi. Manisa Yat\u0131r\u0131m \u0130zleme ve Koordinasyon Ba\u015fkanl\u0131\u011f\u0131 taraf\u0131ndan yapt\u0131r\u0131lan Soma Kaymakaml\u0131\u011f\u0131\u2019n\u0131n yeni binas\u0131, Cengiz Topel Meydan\u0131\u2019nda eski binan\u0131n y\u0131k\u0131lmas\u0131n\u0131n ard\u0131ndan in\u015fa edilmeye ba\u015fland\u0131. 2023 y\u0131l\u0131nda&#8230;<\/p>\n","protected":false},"author":1,"featured_media":15360,"comment_status":"open","ping_status":"open","sticky":false,"template":"","format":"standard","meta":{"_crdt_document":"","footnotes":""},"categories":[127],"tags":[],"class_list":["post-15359","post","type-post","status-publish","format-standard","has-post-thumbnail","hentry","category-siyaset"],"_links":{"self":[{"href":"https:\/\/www.egemtv.com\/index.php?rest_route=\/wp\/v2\/posts\/15359","targetHints":{"allow":["GET"]}}],"collection":[{"href":"https:\/\/www.egemtv.com\/index.php?rest_route=\/wp\/v2\/posts"}],"about":[{"href":"https:\/\/www.egemtv.com\/index.php?rest_route=\/wp\/v2\/types\/post"}],"author":[{"embeddable":true,"href":"https:\/\/www.egemtv.com\/index.php?rest_route=\/wp\/v2\/users\/1"}],"replies":[{"embeddable":true,"href":"https:\/\/www.egemtv.com\/index.php?rest_route=%2Fwp%2Fv2%2Fcomments&post=15359"}],"version-history":[{"count":1,"href":"https:\/\/www.egemtv.com\/index.php?rest_route=\/wp\/v2\/posts\/15359\/revisions"}],"predecessor-version":[{"id":15361,"href":"https:\/\/www.egemtv.com\/index.php?rest_route=\/wp\/v2\/posts\/15359\/revisions\/15361"}],"wp:featuredmedia":[{"embeddable":true,"href":"https:\/\/www.egemtv.com\/index.php?rest_route=\/wp\/v2\/media\/15360"}],"wp:attachment":[{"href":"https:\/\/www.egemtv.com\/index.php?rest_route=%2Fwp%2Fv2%2Fmedia&parent=15359"}],"wp:term":[{"taxonomy":"category","embeddable":true,"href":"https:\/\/www.egemtv.com\/index.php?rest_route=%2Fwp%2Fv2%2Fcategories&post=15359"},{"taxonomy":"post_tag","embeddable":true,"href":"https:\/\/www.egemtv.com\/index.php?rest_route=%2Fwp%2Fv2%2Ftags&post=15359"}],"curies":[{"name":"wp","href":"https:\/\/api.w.org\/{rel}","templated":true}]}}