{"id":15356,"date":"2025-02-04T14:26:03","date_gmt":"2025-02-04T11:26:03","guid":{"rendered":"https:\/\/www.egemtv.com\/?p=15356"},"modified":"2025-02-04T14:26:08","modified_gmt":"2025-02-04T11:26:08","slug":"kultur-gezileri-ve-kultur-soylesileri-basliyor","status":"publish","type":"post","link":"https:\/\/www.egemtv.com\/?p=15356","title":{"rendered":"K\u00fclt\u00fcr gezileri ve k\u00fclt\u00fcr s\u00f6yle\u015fileri ba\u015fl\u0131yor"},"content":{"rendered":"<p>Bodrum Belediyesi taraf\u0131ndan Bodrum\u2019un kadim k\u00fclt\u00fcr ve medeniyetlerine \u0131\u015f\u0131k tutan K\u00fclt\u00fcr Gezileri ve K\u00fclt\u00fcr S\u00f6yle\u015fileri ba\u015fl\u0131yor.<\/p>\n<p>K\u00fclt\u00fcr ve Sosyal \u0130\u015fler M\u00fcd\u00fcrl\u00fc\u011f\u00fc Pedasa ve Leleg Uygarl\u0131\u011f\u0131 Ara\u015ft\u0131rma ve Uygulama Birimi taraf\u0131ndan k\u00fclt\u00fcr gezileri d\u00fczenleniyor. Geziler kapsam\u0131nda belediye personeli Arkeolog Serap Topalo\u011flu anlat\u0131m\u0131yla Leleg Kentleri ve Halikarnassos kent kal\u0131nt\u0131lar\u0131 g\u00f6r\u00fclecek.<\/p>\n<p>K\u00fclt\u00fcr gezisinin birinci etab\u0131, 8 \u015eubat Cumartesi g\u00fcn\u00fc Pedasa Antik Kenti\u2019nden ba\u015fl\u0131yor. Geziye kat\u0131lmak isteyenler i\u00e7in Bodrum Belediye Meydan\u0131ndan saat 11.00\u2019de servis kalkacak. Detayl\u0131 bilgi i\u00e7in 444 00 48\u2019ten K\u00fclt\u00fcr ve Sosyal \u0130\u015fler M\u00fcd\u00fcrl\u00fc\u011f\u00fcne ula\u015f\u0131labiliyor.<\/p>\n<p>Bodrum Belediye Ba\u015fkan\u0131 Tamer Mandalinci, k\u00fclt\u00fcrel miras ve Bodrum tarihi konusunda fark\u0131ndal\u0131k olu\u015fturan etkinliklere desteklerini s\u00fcrd\u00fcreceklerini belirterek alan\u0131nda uzman ki\u015filer taraf\u0131ndan Bodrum tarihi ve k\u00fclt\u00fcr\u00fcn\u00fc anlatan farkl\u0131 konularla ilgili s\u00f6yle\u015filerin de ba\u015flayaca\u011f\u0131 bilgisini payla\u015ft\u0131.<br \/><\/p>\n","protected":false},"excerpt":{"rendered":"<p>Bodrum Belediyesi taraf\u0131ndan Bodrum\u2019un kadim k\u00fclt\u00fcr ve medeniyetlerine \u0131\u015f\u0131k tutan K\u00fclt\u00fcr Gezileri ve K\u00fclt\u00fcr S\u00f6yle\u015fileri ba\u015fl\u0131yor. K\u00fclt\u00fcr ve Sosyal \u0130\u015fler M\u00fcd\u00fcrl\u00fc\u011f\u00fc Pedasa ve Leleg Uygarl\u0131\u011f\u0131 Ara\u015ft\u0131rma ve Uygulama Birimi taraf\u0131ndan k\u00fclt\u00fcr gezileri d\u00fczenleniyor. Geziler kapsam\u0131nda belediye personeli Arkeolog Serap Topalo\u011flu anlat\u0131m\u0131yla Leleg Kentleri ve Halikarnassos kent kal\u0131nt\u0131lar\u0131 g\u00f6r\u00fclecek. K\u00fclt\u00fcr gezisinin birinci etab\u0131, 8 \u015eubat Cumartesi&#8230;<\/p>\n","protected":false},"author":1,"featured_media":15357,"comment_status":"open","ping_status":"open","sticky":false,"template":"","format":"standard","meta":{"_crdt_document":"","footnotes":""},"categories":[1],"tags":[],"class_list":["post-15356","post","type-post","status-publish","format-standard","has-post-thumbnail","hentry","category-guncel"],"_links":{"self":[{"href":"https:\/\/www.egemtv.com\/index.php?rest_route=\/wp\/v2\/posts\/15356","targetHints":{"allow":["GET"]}}],"collection":[{"href":"https:\/\/www.egemtv.com\/index.php?rest_route=\/wp\/v2\/posts"}],"about":[{"href":"https:\/\/www.egemtv.com\/index.php?rest_route=\/wp\/v2\/types\/post"}],"author":[{"embeddable":true,"href":"https:\/\/www.egemtv.com\/index.php?rest_route=\/wp\/v2\/users\/1"}],"replies":[{"embeddable":true,"href":"https:\/\/www.egemtv.com\/index.php?rest_route=%2Fwp%2Fv2%2Fcomments&post=15356"}],"version-history":[{"count":1,"href":"https:\/\/www.egemtv.com\/index.php?rest_route=\/wp\/v2\/posts\/15356\/revisions"}],"predecessor-version":[{"id":15358,"href":"https:\/\/www.egemtv.com\/index.php?rest_route=\/wp\/v2\/posts\/15356\/revisions\/15358"}],"wp:featuredmedia":[{"embeddable":true,"href":"https:\/\/www.egemtv.com\/index.php?rest_route=\/wp\/v2\/media\/15357"}],"wp:attachment":[{"href":"https:\/\/www.egemtv.com\/index.php?rest_route=%2Fwp%2Fv2%2Fmedia&parent=15356"}],"wp:term":[{"taxonomy":"category","embeddable":true,"href":"https:\/\/www.egemtv.com\/index.php?rest_route=%2Fwp%2Fv2%2Fcategories&post=15356"},{"taxonomy":"post_tag","embeddable":true,"href":"https:\/\/www.egemtv.com\/index.php?rest_route=%2Fwp%2Fv2%2Ftags&post=15356"}],"curies":[{"name":"wp","href":"https:\/\/api.w.org\/{rel}","templated":true}]}}