{"id":15353,"date":"2025-02-04T14:16:32","date_gmt":"2025-02-04T11:16:32","guid":{"rendered":"https:\/\/www.egemtv.com\/?p=15353"},"modified":"2025-02-04T14:16:37","modified_gmt":"2025-02-04T11:16:37","slug":"muglalilar-santorinideki-depremleri-degerlendirdi","status":"publish","type":"post","link":"https:\/\/www.egemtv.com\/?p=15353","title":{"rendered":"Mu\u011flal\u0131lar Santorini\u2019deki depremleri de\u011ferlendirdi"},"content":{"rendered":"<p>Yunan adas\u0131 Santorini\u2019de depremler ard\u0131 ard\u0131na devam ederken, Mu\u011fla\u2019n\u0131n k\u0131y\u0131 \u015feridindeki turistik il\u00e7eleri Marmaris ve Fethiye\u2019de ya\u015fayan vatanda\u015flar, meydana gelen depremlerle ilgili olarak dikkatli ve tedbirli olunmas\u0131nda fayda oldu\u011funu ifade ettiler.<br \/>\n<br \/>Yunan adas\u0131 Santorini\u2019de art arda gelen sars\u0131nt\u0131lar devam ederken, aday\u0131 terk eden b\u00f6lge sakini ve turistlerin say\u0131s\u0131n\u0131n artt\u0131\u011f\u0131 \u00f6\u011frenildi. Yunan h\u00fck\u00fcmeti adalar b\u00f6lgesinde teyakkuza ge\u00e7erken, olmas\u0131 muhtemel deprem ve volkanik olaylara kar\u015f\u0131 \u00f6nlemler g\u00f6r\u00fc\u015f\u00fclmeye devam ediyor.<br \/>\n<br \/>Santorini\u2019de meydana gelen depremler ise Ege k\u0131y\u0131s\u0131nda bulunan Ayd\u0131n ve Mu\u011fla\u2019da ise hissedilmiyor. Mu\u011fla\u2019n\u0131n Marmaris ve Fethiye il\u00e7esinde ola\u011fan hayat devam derken, vatanda\u015flar ise ya\u015fanan ve ya\u015fanabilecek depremlere kar\u015f\u0131 tedbirli olunmas\u0131nda fayda g\u00f6r\u00fcyor.<\/p>\n<p>&#8220;Deprem \u00fclkesinde ya\u015f\u0131yoruz&#8221;<br \/>\n<br \/>Marmaris\u2019te ya\u015fayan Aysun Andi\u00e7, &#8220;Bir\u00e7ok deprem oldu ama burada hissetmedik. Ben Van depremini ya\u015fayan bir insan\u0131m. K\u00f6t\u00fc \u015feyler ya\u015fad\u0131k. B\u00fcy\u00fck depremlerde ya\u015fad\u0131k. Ama maalesef bu konuda ak\u0131llanm\u0131yoruz. Tedirginlik oluyor tabi ki deprem \u00fclkesindeyiz. \u00d6zellikle Marmaris\u2019in baz\u0131 kesimlerindeki binalar \u00e7ok k\u00f6t\u00fc durumda&#8221; diye konu\u015ftu.<\/p>\n<p>&#8220;Bazen baz\u0131 \u015feyler abart\u0131l\u0131yor&#8221;<br \/>\n<br \/>Marmaris\u2019te ya\u015fayan Halit Y\u0131ld\u0131z, Santorini\u2019deki depremlerle ilgili olarak, &#8220;Biz d\u00fcn Bodrum\u2019dayd\u0131k. Kar\u015f\u0131 taraftaki aday\u0131 bo\u015falt\u0131yorlar galiba duydu\u011fumuz kadar\u0131yla. Santorini\u2019deki depremleri hissetmedik. Tabi ki b\u00fcy\u00fck depremler ya\u015fad\u0131k. E\u011fer olursa hissedersek tedirgin oluyoruz ama duyumlardan dolay\u0131 korkmuyoruz. Bazen baz\u0131 \u015feyler abart\u0131l\u0131yor. Olaylar\u0131 b\u00fcy\u00fcten oluyor&#8221; a\u00e7\u0131klamas\u0131nda bulundu.<br \/>\n<br \/>Marmaris\u2019te ya\u015fayan ve ismini vermek istemeyen bir vatanda\u015f ise depremleri hissetmedi\u011fini belirterek, Yunan adalar\u0131 i\u00e7in kayg\u0131l\u0131 oldu\u011funu ama profes\u00f6rlerin a\u00e7\u0131klamalar\u0131na bak\u0131ld\u0131\u011f\u0131nda T\u00fcrkiye i\u00e7in de kayg\u0131lanmalar\u0131 gerekti\u011fini ifade etti.<\/p>\n<p>&#8220;Endi\u015felenmiyoruz desek yalan olur&#8221;<br \/>\n<br \/>Mu\u011fla\u2019n\u0131n Fethiye il\u00e7esinde ya\u015fayan Sibel Kabata\u015f, &#8220;Endi\u015felenmiyoruz desek yalan olur haberlerden dolay\u0131. Biz kendimizce ufak tefek tedbirler ald\u0131k ama devlet te tedbirler al\u0131rsa kendimizi daha g\u00fcvende hissederiz. Ama \u00e7ok da g\u00fcvende de\u011filiz. Hele bug\u00fcn izledi\u011fim haberlerden sonra Helen Fay\u0131n\u0131n \u00e7\u0131k\u0131\u015f noktas\u0131 Fethiye g\u00f6z\u00fck\u00fcyor. Fethiye\u2019nin ge\u00e7mi\u015fte ya\u015fad\u0131\u011f\u0131 y\u0131k\u0131msal depremi \u00e7a\u011fr\u0131\u015ft\u0131r\u0131yor. O y\u00fczden yapacak bir \u015fey yok, bekliyoruz&#8221; diye konu\u015ftu.<\/p>\n<p>&#8220;Kendimizi e\u011fittik ba\u015fka bir \u015fey yapamay\u0131z&#8221;<br \/>\n<br \/>Fethiye\u2019de ikamet eden Kadri Tu\u011flu, &#8220;Deprem b\u00f6lgesinde ya\u015f\u0131yoruz. Depremlere kar\u015f\u0131 endi\u015feli olmamak elde de\u011fil. Tsunami konusunda Fethiye do\u011fal konumundan dolay\u0131 daha \u015fansl\u0131 ama yine de endi\u015feliyiz. Depreme kar\u015f\u0131 \u00e7ocuklar\u0131m\u0131z\u0131 kendimizi e\u011fittik ba\u015fka bir \u015fey yapamay\u0131z&#8221; \u015feklinde konu\u015ftu.<br \/><\/p>\n","protected":false},"excerpt":{"rendered":"<p>Yunan adas\u0131 Santorini\u2019de depremler ard\u0131 ard\u0131na devam ederken, Mu\u011fla\u2019n\u0131n k\u0131y\u0131 \u015feridindeki turistik il\u00e7eleri Marmaris ve Fethiye\u2019de ya\u015fayan vatanda\u015flar, meydana gelen depremlerle ilgili olarak dikkatli ve tedbirli olunmas\u0131nda fayda oldu\u011funu ifade ettiler. Yunan adas\u0131 Santorini\u2019de art arda gelen sars\u0131nt\u0131lar devam ederken, aday\u0131 terk eden b\u00f6lge sakini ve turistlerin say\u0131s\u0131n\u0131n artt\u0131\u011f\u0131 \u00f6\u011frenildi. Yunan h\u00fck\u00fcmeti adalar b\u00f6lgesinde teyakkuza&#8230;<\/p>\n","protected":false},"author":1,"featured_media":15354,"comment_status":"open","ping_status":"open","sticky":false,"template":"","format":"standard","meta":{"_crdt_document":"","footnotes":""},"categories":[1],"tags":[],"class_list":["post-15353","post","type-post","status-publish","format-standard","has-post-thumbnail","hentry","category-guncel"],"_links":{"self":[{"href":"https:\/\/www.egemtv.com\/index.php?rest_route=\/wp\/v2\/posts\/15353","targetHints":{"allow":["GET"]}}],"collection":[{"href":"https:\/\/www.egemtv.com\/index.php?rest_route=\/wp\/v2\/posts"}],"about":[{"href":"https:\/\/www.egemtv.com\/index.php?rest_route=\/wp\/v2\/types\/post"}],"author":[{"embeddable":true,"href":"https:\/\/www.egemtv.com\/index.php?rest_route=\/wp\/v2\/users\/1"}],"replies":[{"embeddable":true,"href":"https:\/\/www.egemtv.com\/index.php?rest_route=%2Fwp%2Fv2%2Fcomments&post=15353"}],"version-history":[{"count":1,"href":"https:\/\/www.egemtv.com\/index.php?rest_route=\/wp\/v2\/posts\/15353\/revisions"}],"predecessor-version":[{"id":15355,"href":"https:\/\/www.egemtv.com\/index.php?rest_route=\/wp\/v2\/posts\/15353\/revisions\/15355"}],"wp:featuredmedia":[{"embeddable":true,"href":"https:\/\/www.egemtv.com\/index.php?rest_route=\/wp\/v2\/media\/15354"}],"wp:attachment":[{"href":"https:\/\/www.egemtv.com\/index.php?rest_route=%2Fwp%2Fv2%2Fmedia&parent=15353"}],"wp:term":[{"taxonomy":"category","embeddable":true,"href":"https:\/\/www.egemtv.com\/index.php?rest_route=%2Fwp%2Fv2%2Fcategories&post=15353"},{"taxonomy":"post_tag","embeddable":true,"href":"https:\/\/www.egemtv.com\/index.php?rest_route=%2Fwp%2Fv2%2Ftags&post=15353"}],"curies":[{"name":"wp","href":"https:\/\/api.w.org\/{rel}","templated":true}]}}