{"id":15350,"date":"2025-02-04T14:16:28","date_gmt":"2025-02-04T11:16:28","guid":{"rendered":"https:\/\/www.egemtv.com\/?p=15350"},"modified":"2025-02-04T14:16:32","modified_gmt":"2025-02-04T11:16:32","slug":"ahmetliye-2-megavatlik-ges-projesi-geliyor","status":"publish","type":"post","link":"https:\/\/www.egemtv.com\/?p=15350","title":{"rendered":"Ahmetli\u2019ye 2 Megavatl\u0131k GES Projesi geliyor"},"content":{"rendered":"<p>Manisa B\u00fcy\u00fck\u015fehir Belediyesi ile Ahmetli Belediyesi, s\u00fcrd\u00fcr\u00fclebilir enerji ve ye\u015fil d\u00f6n\u00fc\u015f\u00fcm \u00e7al\u0131\u015fmalar\u0131 kapsam\u0131nda \u00f6nemli bir projeye imza att\u0131. Ahmetli\u2019ye 2 megavatl\u0131k G\u00fcne\u015f Enerji Santrali (GES) kurulmas\u0131 i\u00e7in Manisa B\u00fcy\u00fck\u015fehir Belediye Ba\u015fkan\u0131 Mimar Ferdi Zeyrek ile Ahmetli Belediye Ba\u015fkan\u0131 Fuat Minta\u015f taraf\u0131ndan protokol imzaland\u0131.<br \/>\n<br \/>\u0130ki belediyenin ortak \u00e7al\u0131\u015fmas\u0131 ile hayata ge\u00e7irilecek GES projesi, 3 bin 216 ton karbon emisyonunu engelleyerek hem \u00e7evre dostu enerji \u00fcretimini destekleyecek hem de 7 bin 825 a\u011faca e\u015f de\u011fer bir \u00e7evresel katk\u0131 sunacak.<br \/>\n<br \/>Ye\u015fil d\u00f6n\u00fc\u015f\u00fcm ve s\u00fcrd\u00fcr\u00fclebilirlik hedefleri do\u011frultusunda \u00e7al\u0131\u015fmalar\u0131na aral\u0131ks\u0131z devam eden Manisa B\u00fcy\u00fck\u015fehir Belediyesi, bu noktada \u00f6nemli ad\u0131mlar at\u0131yor. Bu kapsamda, Ahmetli \u0130l\u00e7esi\u2019nde 2 megavatl\u0131k G\u00fcne\u015f Enerji Santrali kurulmas\u0131 i\u00e7in harekete ge\u00e7ildi. Manisa B\u00fcy\u00fck\u015fehir Belediyesi ve Ahmetli Belediyesi i\u015f birli\u011fiyle kurulacak olan GES projesi i\u00e7in protokol t\u00f6reni d\u00fczenlendi. Protokol\u00fc B\u00fcy\u00fck\u015fehir Belediye Ba\u015fkan\u0131 Ferdi Zeyrek ile Ahmetli Belediye Ba\u015fkan\u0131 Fuat Minta\u015f imzalad\u0131.<\/p>\n<p>3 bin 216 ton karbon emisyonunu engelleyecek<br \/>\n<br \/>Ahmetli \u0130l\u00e7esi Canbazl\u0131 Mahallesi\u2019nde yakla\u015f\u0131k 3 futbol sahas\u0131 b\u00fcy\u00fckl\u00fc\u011f\u00fcnde bir alana kurulacak GES, y\u0131lda 3,2 milyon kilowatt saat (kWh) enerji \u00fcreterek yakla\u015f\u0131k 12 milyon TL kazan\u00e7 sa\u011flayacak. Ayn\u0131 zamanda, 3 bin 216 ton karbon emisyonunu engelleyerek 7 bin 825 a\u011faca e\u015f de\u011fer bir \u00e7evresel katk\u0131 sunacak. Manisa B\u00fcy\u00fck\u015fehir Belediyesi, bu yat\u0131r\u0131mla yaln\u0131zca kendi enerji ihtiyac\u0131n\u0131 kar\u015f\u0131lamakla kalmay\u0131p \u00e7evresel s\u00fcrd\u00fcr\u00fclebilirli\u011fe de \u00f6nemli bir katk\u0131 sa\u011flayacak. Enerji fiyatlar\u0131n\u0131n s\u00fcrekli y\u00fckseldi\u011fi bir d\u00f6nemde, bu t\u00fcr projeler hem ekonomik tasarruf sa\u011fl\u0131yor hem de gelecek nesillere daha ya\u015fanabilir bir \u00e7evre b\u0131rakma amac\u0131na hizmet ediyor. B\u00fcy\u00fck\u015fehir Belediyesi, yenilenebilir enerji yat\u0131r\u0131mlar\u0131yla do\u011faya ve ekonomiye de\u011fer katmaya devam ederek, s\u00fcrd\u00fcr\u00fclebilir bir gelecek i\u00e7in \u00e7al\u0131\u015fmalar\u0131n\u0131 kararl\u0131l\u0131kla s\u00fcrd\u00fcr\u00fcyor.<\/p>\n<p>&#8220;Ye\u015fil d\u00f6n\u00fc\u015f\u00fcm\u00fcn sa\u011flanmas\u0131 ve enerji giderlerinin azalt\u0131lmas\u0131 i\u00e7in \u00e7ok \u00f6nemli&#8221;<br \/>\n<br \/>Yap\u0131lacak GES yat\u0131r\u0131m\u0131n\u0131n \u00f6nemine de\u011finen Manisa B\u00fcy\u00fck\u015fehir Belediye Ba\u015fkan\u0131 Ferdi Zeyrek, &#8220;Ahmetli Belediyemiz ile birlikte 2 Megavatl\u0131k G\u00fcne\u015f Enerji Santrali\u2019ni Manisa\u2019ya kazand\u0131r\u0131yoruz. Hem ye\u015fil d\u00f6n\u00fc\u015f\u00fcm\u00fcn sa\u011flanmas\u0131 hem de enerji giderlerimizin daha da azalt\u0131lmas\u0131 noktas\u0131nda \u00e7ok \u00f6nem verdi\u011fimiz bir proje. S\u00fcreci uzun zamand\u0131r Fuat Ba\u015fkan ile birlikte y\u00f6netiyoruz. \u0130mza a\u015famas\u0131na geldik. En k\u0131sa s\u00fcrede de tesisimizi Ahmetli\u2019mize kazand\u0131raca\u011f\u0131z. Manisa B\u00fcy\u00fck\u015fehir Belediyesi ile Ahmetli Belediyesi\u2019nin ortak i\u015f birliklerine devam edece\u011fimizin m\u00fcjdesini de vermek isterim&#8221; dedi.<\/p>\n<p>&#8220;Manisa\u2019m\u0131z ve Ahmetli kazanacak&#8221;<br \/>\n<br \/>Manisa B\u00fcy\u00fck\u015fehir Belediyesi ile Ahmetli Belediyesi\u2019nin ortak geli\u015ftirdi\u011fi projeye imza atmaktan gurur duydu\u011funu belirten Ba\u015fkan Fuat Minta\u015f ise &#8220;Bu proje sadece bize bir kazan\u0131m de\u011fil. \u00c7evreye duyarl\u0131 bir tesis olarak Manisa\u2019m\u0131z ve Ahmetli kazanacak. Manisa B\u00fcy\u00fck\u015fehir Belediye Ba\u015fkan\u0131m\u0131z Ferdi Zeyrek ba\u015fta olmak \u00fczere eme\u011fi ge\u00e7en t\u00fcm ekibine te\u015fekk\u00fcr ederim. \u0130n\u015fallah bundan sonra da g\u00fczel projelerle birlikte hareket edece\u011fiz&#8221; diye konu\u015ftu.<br \/><\/p>\n","protected":false},"excerpt":{"rendered":"<p>Manisa B\u00fcy\u00fck\u015fehir Belediyesi ile Ahmetli Belediyesi, s\u00fcrd\u00fcr\u00fclebilir enerji ve ye\u015fil d\u00f6n\u00fc\u015f\u00fcm \u00e7al\u0131\u015fmalar\u0131 kapsam\u0131nda \u00f6nemli bir projeye imza att\u0131. Ahmetli\u2019ye 2 megavatl\u0131k G\u00fcne\u015f Enerji Santrali (GES) kurulmas\u0131 i\u00e7in Manisa B\u00fcy\u00fck\u015fehir Belediye Ba\u015fkan\u0131 Mimar Ferdi Zeyrek ile Ahmetli Belediye Ba\u015fkan\u0131 Fuat Minta\u015f taraf\u0131ndan protokol imzaland\u0131. \u0130ki belediyenin ortak \u00e7al\u0131\u015fmas\u0131 ile hayata ge\u00e7irilecek GES projesi, 3 bin 216&#8230;<\/p>\n","protected":false},"author":1,"featured_media":15351,"comment_status":"open","ping_status":"open","sticky":false,"template":"","format":"standard","meta":{"_crdt_document":"","footnotes":""},"categories":[125],"tags":[],"class_list":["post-15350","post","type-post","status-publish","format-standard","has-post-thumbnail","hentry","category-ekonomi"],"_links":{"self":[{"href":"https:\/\/www.egemtv.com\/index.php?rest_route=\/wp\/v2\/posts\/15350","targetHints":{"allow":["GET"]}}],"collection":[{"href":"https:\/\/www.egemtv.com\/index.php?rest_route=\/wp\/v2\/posts"}],"about":[{"href":"https:\/\/www.egemtv.com\/index.php?rest_route=\/wp\/v2\/types\/post"}],"author":[{"embeddable":true,"href":"https:\/\/www.egemtv.com\/index.php?rest_route=\/wp\/v2\/users\/1"}],"replies":[{"embeddable":true,"href":"https:\/\/www.egemtv.com\/index.php?rest_route=%2Fwp%2Fv2%2Fcomments&post=15350"}],"version-history":[{"count":1,"href":"https:\/\/www.egemtv.com\/index.php?rest_route=\/wp\/v2\/posts\/15350\/revisions"}],"predecessor-version":[{"id":15352,"href":"https:\/\/www.egemtv.com\/index.php?rest_route=\/wp\/v2\/posts\/15350\/revisions\/15352"}],"wp:featuredmedia":[{"embeddable":true,"href":"https:\/\/www.egemtv.com\/index.php?rest_route=\/wp\/v2\/media\/15351"}],"wp:attachment":[{"href":"https:\/\/www.egemtv.com\/index.php?rest_route=%2Fwp%2Fv2%2Fmedia&parent=15350"}],"wp:term":[{"taxonomy":"category","embeddable":true,"href":"https:\/\/www.egemtv.com\/index.php?rest_route=%2Fwp%2Fv2%2Fcategories&post=15350"},{"taxonomy":"post_tag","embeddable":true,"href":"https:\/\/www.egemtv.com\/index.php?rest_route=%2Fwp%2Fv2%2Ftags&post=15350"}],"curies":[{"name":"wp","href":"https:\/\/api.w.org\/{rel}","templated":true}]}}