{"id":15344,"date":"2025-02-04T14:07:19","date_gmt":"2025-02-04T11:07:19","guid":{"rendered":"https:\/\/www.egemtv.com\/?p=15344"},"modified":"2025-02-04T14:07:23","modified_gmt":"2025-02-04T11:07:23","slug":"golhisarda-hafizlik-icazet-merasimi-gerceklestirildi","status":"publish","type":"post","link":"https:\/\/www.egemtv.com\/?p=15344","title":{"rendered":"G\u00f6lhisar\u2019da haf\u0131zl\u0131k icazet merasimi ger\u00e7ekle\u015ftirildi"},"content":{"rendered":"<p>Burdur\u2019un G\u00f6lhisar il\u00e7esindeki Hac\u0131 Salih \u00d6zkan K\u0131z Kur\u2019an-\u0131 Kerim Kursu \u00f6\u011frencileri, d\u00fczenlenen t\u00f6renle haf\u0131zl\u0131k payelerini ald\u0131.<br \/>\n<br \/>G\u00f6lhisar \u0130l\u00e7e M\u00fcft\u00fcl\u00fc\u011f\u00fc ile Hac\u0131 Salih \u00d6zkan K\u0131z Kur\u2019an Kursu\u2019nun organize etti\u011fi programda, 11 haf\u0131z i\u00e7in icazet merasimi ger\u00e7ekle\u015ftirildi. G\u00f6lhisar Mehmet Akif Ersoy Konferans Salonu\u2019nda d\u00fczenlenen programa; Burdur \u0130l M\u00fcft\u00fcs\u00fc Ali Hayri \u00c7elik, G\u00f6lhisar Belediye Ba\u015fkan\u0131 \u0130brahim Sertba\u015f, G\u00f6lhisar \u0130l\u00e7e M\u00fcft\u00fc Vekili, \u00c7avd\u0131r \u0130l\u00e7e M\u00fcft\u00fcs\u00fc Musa Hanc\u0131o\u011flu, protokol \u00fcyeleri ve davetliler kat\u0131ld\u0131. Sayg\u0131 duru\u015fu ve \u0130stiklal Mar\u015f\u0131 ile ba\u015flayan programda, ilk olarak Kur\u2019an-\u0131 Kerim okundu. Ard\u0131ndan G\u00f6lhisar \u0130l\u00e7e M\u00fcft\u00fc Vekili ve \u00c7avd\u0131r \u0130l\u00e7e M\u00fcft\u00fcs\u00fc Musa Hanc\u0131o\u011flu k\u0131sa bir selamlama konu\u015fmas\u0131 yapt\u0131. Protokol konu\u015fmalar\u0131n\u0131n ard\u0131ndan Burdur \u0130l M\u00fcft\u00fcs\u00fc Ali Hayri \u00c7elik, haf\u0131zl\u0131k ve imanl\u0131 gen\u00e7lik konulu bir konu\u015fma ger\u00e7ekle\u015ftirdi. Program\u0131n sonunda 11 haf\u0131za hediyeleri takdim edilirken, yap\u0131lan dua ile icazet merasimi sona erdi.<br \/><\/p>\n","protected":false},"excerpt":{"rendered":"<p>Burdur\u2019un G\u00f6lhisar il\u00e7esindeki Hac\u0131 Salih \u00d6zkan K\u0131z Kur\u2019an-\u0131 Kerim Kursu \u00f6\u011frencileri, d\u00fczenlenen t\u00f6renle haf\u0131zl\u0131k payelerini ald\u0131. G\u00f6lhisar \u0130l\u00e7e M\u00fcft\u00fcl\u00fc\u011f\u00fc ile Hac\u0131 Salih \u00d6zkan K\u0131z Kur\u2019an Kursu\u2019nun organize etti\u011fi programda, 11 haf\u0131z i\u00e7in icazet merasimi ger\u00e7ekle\u015ftirildi. G\u00f6lhisar Mehmet Akif Ersoy Konferans Salonu\u2019nda d\u00fczenlenen programa; Burdur \u0130l M\u00fcft\u00fcs\u00fc Ali Hayri \u00c7elik, G\u00f6lhisar Belediye Ba\u015fkan\u0131 \u0130brahim Sertba\u015f, G\u00f6lhisar&#8230;<\/p>\n","protected":false},"author":1,"featured_media":15345,"comment_status":"open","ping_status":"open","sticky":false,"template":"","format":"standard","meta":{"_crdt_document":"","footnotes":""},"categories":[1],"tags":[],"class_list":["post-15344","post","type-post","status-publish","format-standard","has-post-thumbnail","hentry","category-guncel"],"_links":{"self":[{"href":"https:\/\/www.egemtv.com\/index.php?rest_route=\/wp\/v2\/posts\/15344","targetHints":{"allow":["GET"]}}],"collection":[{"href":"https:\/\/www.egemtv.com\/index.php?rest_route=\/wp\/v2\/posts"}],"about":[{"href":"https:\/\/www.egemtv.com\/index.php?rest_route=\/wp\/v2\/types\/post"}],"author":[{"embeddable":true,"href":"https:\/\/www.egemtv.com\/index.php?rest_route=\/wp\/v2\/users\/1"}],"replies":[{"embeddable":true,"href":"https:\/\/www.egemtv.com\/index.php?rest_route=%2Fwp%2Fv2%2Fcomments&post=15344"}],"version-history":[{"count":1,"href":"https:\/\/www.egemtv.com\/index.php?rest_route=\/wp\/v2\/posts\/15344\/revisions"}],"predecessor-version":[{"id":15346,"href":"https:\/\/www.egemtv.com\/index.php?rest_route=\/wp\/v2\/posts\/15344\/revisions\/15346"}],"wp:featuredmedia":[{"embeddable":true,"href":"https:\/\/www.egemtv.com\/index.php?rest_route=\/wp\/v2\/media\/15345"}],"wp:attachment":[{"href":"https:\/\/www.egemtv.com\/index.php?rest_route=%2Fwp%2Fv2%2Fmedia&parent=15344"}],"wp:term":[{"taxonomy":"category","embeddable":true,"href":"https:\/\/www.egemtv.com\/index.php?rest_route=%2Fwp%2Fv2%2Fcategories&post=15344"},{"taxonomy":"post_tag","embeddable":true,"href":"https:\/\/www.egemtv.com\/index.php?rest_route=%2Fwp%2Fv2%2Ftags&post=15344"}],"curies":[{"name":"wp","href":"https:\/\/api.w.org\/{rel}","templated":true}]}}