{"id":15341,"date":"2025-02-04T14:07:14","date_gmt":"2025-02-04T11:07:14","guid":{"rendered":"https:\/\/www.egemtv.com\/?p=15341"},"modified":"2025-02-04T14:07:18","modified_gmt":"2025-02-04T11:07:18","slug":"sehzadeler-belediyesi-zabitasi-marketleri-mercek-altina-aldi","status":"publish","type":"post","link":"https:\/\/www.egemtv.com\/?p=15341","title":{"rendered":"\u015eehzadeler Belediyesi zab\u0131tas\u0131 marketleri mercek alt\u0131na ald\u0131"},"content":{"rendered":"<p>\u015eehzadeler Belediyesi Zab\u0131ta M\u00fcd\u00fcrl\u00fc\u011f\u00fc ekipleri vatanda\u015flar\u0131n sa\u011fl\u0131kl\u0131 ve g\u00fcvenli al\u0131\u015fveri\u015f yapabilmesi i\u00e7in marketlerde geni\u015f \u00e7apl\u0131 denetimler ger\u00e7ekle\u015ftirdi.<br \/>\n<br \/>Denetimler kapsam\u0131nda temel g\u0131da ve t\u00fcketim \u00fcr\u00fcnlerinin fiyat etiketleri, son kullanma tarihleri, kasa fiyatlar\u0131 ile raf fiyatlar\u0131n\u0131n uyumu, hijyen kurallar\u0131 ve gramaj kontrolleri titizlikle incelendi. \u00d6zellikle son d\u00f6nemde artan fiyat dalgalanmalar\u0131 nedeniyle marketlerde fahi\u015f fiyat art\u0131\u015f\u0131 ve stok\u00e7uluk gibi olumsuzluklar\u0131n \u00f6n\u00fcne ge\u00e7mek amac\u0131yla kontroller s\u0131kla\u015ft\u0131r\u0131ld\u0131. Zab\u0131ta ekipleri, baz\u0131 marketlerde fiyat etiketi eksikli\u011fi, kasa ve raf fiyatlar\u0131 aras\u0131nda tutars\u0131zl\u0131k gibi ihlaller tespit etti. Eksikliklerin giderilmesi i\u00e7in i\u015fletmelere uyar\u0131larda bulunan ekipler, mevzuata ayk\u0131r\u0131 durumlarla ilgili yasal i\u015flem ba\u015flat\u0131laca\u011f\u0131n\u0131 duyurdu. Ayr\u0131ca, halk sa\u011fl\u0131\u011f\u0131n\u0131 tehdit edebilecek tarihi ge\u00e7mi\u015f \u00fcr\u00fcnlerin tespit edilmesi halinde ilgili \u00fcr\u00fcnlere el konulaca\u011f\u0131 ve marketlere cezai i\u015flem uygulanaca\u011f\u0131 belirtildi. \u015eehzadeler Belediye Ba\u015fkan\u0131 G\u00fcl\u015fah Durbay yap\u0131lan denetimlerle ilgili yapt\u0131\u011f\u0131 a\u00e7\u0131klamada, &#8220;Yurtta\u015flar\u0131m\u0131z\u0131n sa\u011fl\u0131kl\u0131 ve g\u00fcvenli al\u0131\u015fveri\u015f yapabilmesi i\u00e7in denetimlerimizi aral\u0131ks\u0131z s\u00fcrd\u00fcr\u00fcyoruz. Fahi\u015f fiyat art\u0131\u015f\u0131, etiketsiz sat\u0131\u015f ve hijyen konular\u0131nda s\u0131f\u0131r tolerans politikam\u0131z devam edecek. Halk\u0131m\u0131z\u0131n haklar\u0131n\u0131 korumak i\u00e7in t\u00fcm ekiplerimiz sahada olacak&#8221; dedi.<br \/><\/p>\n","protected":false},"excerpt":{"rendered":"<p>\u015eehzadeler Belediyesi Zab\u0131ta M\u00fcd\u00fcrl\u00fc\u011f\u00fc ekipleri vatanda\u015flar\u0131n sa\u011fl\u0131kl\u0131 ve g\u00fcvenli al\u0131\u015fveri\u015f yapabilmesi i\u00e7in marketlerde geni\u015f \u00e7apl\u0131 denetimler ger\u00e7ekle\u015ftirdi. Denetimler kapsam\u0131nda temel g\u0131da ve t\u00fcketim \u00fcr\u00fcnlerinin fiyat etiketleri, son kullanma tarihleri, kasa fiyatlar\u0131 ile raf fiyatlar\u0131n\u0131n uyumu, hijyen kurallar\u0131 ve gramaj kontrolleri titizlikle incelendi. \u00d6zellikle son d\u00f6nemde artan fiyat dalgalanmalar\u0131 nedeniyle marketlerde fahi\u015f fiyat art\u0131\u015f\u0131 ve stok\u00e7uluk&#8230;<\/p>\n","protected":false},"author":1,"featured_media":15342,"comment_status":"open","ping_status":"open","sticky":false,"template":"","format":"standard","meta":{"_crdt_document":"","footnotes":""},"categories":[5],"tags":[],"class_list":["post-15341","post","type-post","status-publish","format-standard","has-post-thumbnail","hentry","category-asayis"],"_links":{"self":[{"href":"https:\/\/www.egemtv.com\/index.php?rest_route=\/wp\/v2\/posts\/15341","targetHints":{"allow":["GET"]}}],"collection":[{"href":"https:\/\/www.egemtv.com\/index.php?rest_route=\/wp\/v2\/posts"}],"about":[{"href":"https:\/\/www.egemtv.com\/index.php?rest_route=\/wp\/v2\/types\/post"}],"author":[{"embeddable":true,"href":"https:\/\/www.egemtv.com\/index.php?rest_route=\/wp\/v2\/users\/1"}],"replies":[{"embeddable":true,"href":"https:\/\/www.egemtv.com\/index.php?rest_route=%2Fwp%2Fv2%2Fcomments&post=15341"}],"version-history":[{"count":1,"href":"https:\/\/www.egemtv.com\/index.php?rest_route=\/wp\/v2\/posts\/15341\/revisions"}],"predecessor-version":[{"id":15343,"href":"https:\/\/www.egemtv.com\/index.php?rest_route=\/wp\/v2\/posts\/15341\/revisions\/15343"}],"wp:featuredmedia":[{"embeddable":true,"href":"https:\/\/www.egemtv.com\/index.php?rest_route=\/wp\/v2\/media\/15342"}],"wp:attachment":[{"href":"https:\/\/www.egemtv.com\/index.php?rest_route=%2Fwp%2Fv2%2Fmedia&parent=15341"}],"wp:term":[{"taxonomy":"category","embeddable":true,"href":"https:\/\/www.egemtv.com\/index.php?rest_route=%2Fwp%2Fv2%2Fcategories&post=15341"},{"taxonomy":"post_tag","embeddable":true,"href":"https:\/\/www.egemtv.com\/index.php?rest_route=%2Fwp%2Fv2%2Ftags&post=15341"}],"curies":[{"name":"wp","href":"https:\/\/api.w.org\/{rel}","templated":true}]}}