{"id":15338,"date":"2025-02-04T14:01:14","date_gmt":"2025-02-04T11:01:14","guid":{"rendered":"https:\/\/www.egemtv.com\/?p=15338"},"modified":"2025-02-04T14:01:17","modified_gmt":"2025-02-04T11:01:17","slug":"ispartada-26-gunde-18-operasyon-silah-kacak-sigara-ve-sahte-alkol-ele-gecirildi","status":"publish","type":"post","link":"https:\/\/www.egemtv.com\/?p=15338","title":{"rendered":"Isparta\u2019da 26 g\u00fcnde 18 operasyon: silah, ka\u00e7ak sigara ve sahte alkol ele ge\u00e7irildi"},"content":{"rendered":"<p>Isparta Emniyet M\u00fcd\u00fcrl\u00fc\u011f\u00fc ekipleri, 26 g\u00fcn i\u00e7inde ger\u00e7ekle\u015ftirdi\u011fi 18 operasyonda 22 ki\u015fi hakk\u0131nda adli i\u015flem yapt\u0131 ve 4 aranan \u015fahs\u0131 yakalad\u0131. Operasyonlarda silah, ka\u00e7ak sigara, elektronik malzemeler ve sahte alkol ele ge\u00e7irildi.<br \/>\n<br \/>Isparta Emniyet M\u00fcd\u00fcrl\u00fc\u011f\u00fc Ka\u00e7ak\u00e7\u0131l\u0131k ve Organize Su\u00e7larla M\u00fccadele \u015eube M\u00fcd\u00fcrl\u00fc\u011f\u00fc, 1-27 Ocak 2025 tarihleri aras\u0131nda ger\u00e7ekle\u015ftirdi\u011fi operasyonlarla su\u00e7lulara g\u00f6z a\u00e7t\u0131rmad\u0131. 18 farkl\u0131 olayda toplam 22 \u015fah\u0131s hakk\u0131nda adli i\u015flem yap\u0131l\u0131rken, aranan 4 ki\u015fi yakalanarak cezaevine teslim edildi. Operasyonlarda; 2 ruhsats\u0131z tabanca, 1 ruhsats\u0131z av t\u00fcfe\u011fi ve 306 fi\u015fek, 46 cep telefonu, 205 \u00e7e\u015fitli emtia, 41 bin 940 adet doldurulmu\u015f sigara, 800 paket g\u00fcmr\u00fck ka\u00e7a\u011f\u0131 sigara, 2 sigara sarma makinesi, 400 elektronik sigara malzemesi, 8 litre sahte\/ka\u00e7ak alkol ele ge\u00e7irildi.<br \/><\/p>\n","protected":false},"excerpt":{"rendered":"<p>Isparta Emniyet M\u00fcd\u00fcrl\u00fc\u011f\u00fc ekipleri, 26 g\u00fcn i\u00e7inde ger\u00e7ekle\u015ftirdi\u011fi 18 operasyonda 22 ki\u015fi hakk\u0131nda adli i\u015flem yapt\u0131 ve 4 aranan \u015fahs\u0131 yakalad\u0131. Operasyonlarda silah, ka\u00e7ak sigara, elektronik malzemeler ve sahte alkol ele ge\u00e7irildi. Isparta Emniyet M\u00fcd\u00fcrl\u00fc\u011f\u00fc Ka\u00e7ak\u00e7\u0131l\u0131k ve Organize Su\u00e7larla M\u00fccadele \u015eube M\u00fcd\u00fcrl\u00fc\u011f\u00fc, 1-27 Ocak 2025 tarihleri aras\u0131nda ger\u00e7ekle\u015ftirdi\u011fi operasyonlarla su\u00e7lulara g\u00f6z a\u00e7t\u0131rmad\u0131. 18 farkl\u0131 olayda&#8230;<\/p>\n","protected":false},"author":1,"featured_media":15339,"comment_status":"open","ping_status":"open","sticky":false,"template":"","format":"standard","meta":{"_crdt_document":"","footnotes":""},"categories":[5],"tags":[],"class_list":["post-15338","post","type-post","status-publish","format-standard","has-post-thumbnail","hentry","category-asayis"],"_links":{"self":[{"href":"https:\/\/www.egemtv.com\/index.php?rest_route=\/wp\/v2\/posts\/15338","targetHints":{"allow":["GET"]}}],"collection":[{"href":"https:\/\/www.egemtv.com\/index.php?rest_route=\/wp\/v2\/posts"}],"about":[{"href":"https:\/\/www.egemtv.com\/index.php?rest_route=\/wp\/v2\/types\/post"}],"author":[{"embeddable":true,"href":"https:\/\/www.egemtv.com\/index.php?rest_route=\/wp\/v2\/users\/1"}],"replies":[{"embeddable":true,"href":"https:\/\/www.egemtv.com\/index.php?rest_route=%2Fwp%2Fv2%2Fcomments&post=15338"}],"version-history":[{"count":1,"href":"https:\/\/www.egemtv.com\/index.php?rest_route=\/wp\/v2\/posts\/15338\/revisions"}],"predecessor-version":[{"id":15340,"href":"https:\/\/www.egemtv.com\/index.php?rest_route=\/wp\/v2\/posts\/15338\/revisions\/15340"}],"wp:featuredmedia":[{"embeddable":true,"href":"https:\/\/www.egemtv.com\/index.php?rest_route=\/wp\/v2\/media\/15339"}],"wp:attachment":[{"href":"https:\/\/www.egemtv.com\/index.php?rest_route=%2Fwp%2Fv2%2Fmedia&parent=15338"}],"wp:term":[{"taxonomy":"category","embeddable":true,"href":"https:\/\/www.egemtv.com\/index.php?rest_route=%2Fwp%2Fv2%2Fcategories&post=15338"},{"taxonomy":"post_tag","embeddable":true,"href":"https:\/\/www.egemtv.com\/index.php?rest_route=%2Fwp%2Fv2%2Ftags&post=15338"}],"curies":[{"name":"wp","href":"https:\/\/api.w.org\/{rel}","templated":true}]}}