{"id":15335,"date":"2025-02-04T13:57:59","date_gmt":"2025-02-04T10:57:59","guid":{"rendered":"https:\/\/www.egemtv.com\/?p=15335"},"modified":"2025-02-04T13:58:03","modified_gmt":"2025-02-04T10:58:03","slug":"izmirde-3-milyon-lira-degerinde-kacak-makaron-yakalandi","status":"publish","type":"post","link":"https:\/\/www.egemtv.com\/?p=15335","title":{"rendered":"\u0130zmir\u2019de 3 milyon lira de\u011ferinde ka\u00e7ak makaron yakaland\u0131"},"content":{"rendered":"<p>\u0130zmir\u2019in Kemalpa\u015fa il\u00e7esinde belirlenen \u015f\u00fcphelilere ait ara\u00e7larda yap\u0131lan aramalarda piyasa de\u011feri yakla\u015f\u0131k 3 milyon lira olan 7 milyon 320 bin ka\u00e7ak makaron ele ge\u00e7irildi. Olayla ilgili 5 \u015f\u00fcpheliye adli i\u015flem uyguland\u0131.<br \/>\n<br \/>\u0130zmir Ka\u00e7ak\u00e7\u0131l\u0131k Su\u00e7lar\u0131yla M\u00fccadele \u015eube M\u00fcd\u00fcrl\u00fc\u011f\u00fc ekipleri, Kemalpa\u015fa il\u00e7esinde belirlenen \u015f\u00fcphelilere ait ara\u00e7larda ka\u00e7ak makaron bulundu\u011fu bilgisi \u00fczerine \u00e7al\u0131\u015fma ba\u015flatt\u0131. Savc\u0131l\u0131ktan al\u0131nan iznin ard\u0131ndan operasyon yapan ekipler, ara\u00e7 i\u00e7erinde piyasa de\u011feri yakla\u015f\u0131k 3 milyon lira olan 7 milyon 320 bin ka\u00e7ak makaron yakalad\u0131.<br \/>\n<br \/>Olayla ilgili toplam 5 \u015f\u00fcpheli hakk\u0131nda ise adli i\u015flem ba\u015flat\u0131ld\u0131\u011f\u0131 \u00f6\u011frenildi.<br \/><\/p>\n","protected":false},"excerpt":{"rendered":"<p>\u0130zmir\u2019in Kemalpa\u015fa il\u00e7esinde belirlenen \u015f\u00fcphelilere ait ara\u00e7larda yap\u0131lan aramalarda piyasa de\u011feri yakla\u015f\u0131k 3 milyon lira olan 7 milyon 320 bin ka\u00e7ak makaron ele ge\u00e7irildi. Olayla ilgili 5 \u015f\u00fcpheliye adli i\u015flem uyguland\u0131. \u0130zmir Ka\u00e7ak\u00e7\u0131l\u0131k Su\u00e7lar\u0131yla M\u00fccadele \u015eube M\u00fcd\u00fcrl\u00fc\u011f\u00fc ekipleri, Kemalpa\u015fa il\u00e7esinde belirlenen \u015f\u00fcphelilere ait ara\u00e7larda ka\u00e7ak makaron bulundu\u011fu bilgisi \u00fczerine \u00e7al\u0131\u015fma ba\u015flatt\u0131. Savc\u0131l\u0131ktan al\u0131nan iznin ard\u0131ndan&#8230;<\/p>\n","protected":false},"author":1,"featured_media":15336,"comment_status":"open","ping_status":"open","sticky":false,"template":"","format":"standard","meta":{"_crdt_document":"","footnotes":""},"categories":[5],"tags":[],"class_list":["post-15335","post","type-post","status-publish","format-standard","has-post-thumbnail","hentry","category-asayis"],"_links":{"self":[{"href":"https:\/\/www.egemtv.com\/index.php?rest_route=\/wp\/v2\/posts\/15335","targetHints":{"allow":["GET"]}}],"collection":[{"href":"https:\/\/www.egemtv.com\/index.php?rest_route=\/wp\/v2\/posts"}],"about":[{"href":"https:\/\/www.egemtv.com\/index.php?rest_route=\/wp\/v2\/types\/post"}],"author":[{"embeddable":true,"href":"https:\/\/www.egemtv.com\/index.php?rest_route=\/wp\/v2\/users\/1"}],"replies":[{"embeddable":true,"href":"https:\/\/www.egemtv.com\/index.php?rest_route=%2Fwp%2Fv2%2Fcomments&post=15335"}],"version-history":[{"count":1,"href":"https:\/\/www.egemtv.com\/index.php?rest_route=\/wp\/v2\/posts\/15335\/revisions"}],"predecessor-version":[{"id":15337,"href":"https:\/\/www.egemtv.com\/index.php?rest_route=\/wp\/v2\/posts\/15335\/revisions\/15337"}],"wp:featuredmedia":[{"embeddable":true,"href":"https:\/\/www.egemtv.com\/index.php?rest_route=\/wp\/v2\/media\/15336"}],"wp:attachment":[{"href":"https:\/\/www.egemtv.com\/index.php?rest_route=%2Fwp%2Fv2%2Fmedia&parent=15335"}],"wp:term":[{"taxonomy":"category","embeddable":true,"href":"https:\/\/www.egemtv.com\/index.php?rest_route=%2Fwp%2Fv2%2Fcategories&post=15335"},{"taxonomy":"post_tag","embeddable":true,"href":"https:\/\/www.egemtv.com\/index.php?rest_route=%2Fwp%2Fv2%2Ftags&post=15335"}],"curies":[{"name":"wp","href":"https:\/\/api.w.org\/{rel}","templated":true}]}}