{"id":15332,"date":"2025-02-04T13:53:25","date_gmt":"2025-02-04T10:53:25","guid":{"rendered":"https:\/\/www.egemtv.com\/?p=15332"},"modified":"2025-02-04T13:53:30","modified_gmt":"2025-02-04T10:53:30","slug":"ispartada-jandarmadan-tarihi-eser-kacakciligi-operasyonu","status":"publish","type":"post","link":"https:\/\/www.egemtv.com\/?p=15332","title":{"rendered":"Isparta\u2019da jandarmadan tarihi eser ka\u00e7ak\u00e7\u0131l\u0131\u011f\u0131 operasyonu"},"content":{"rendered":"<p>Isparta \u0130l Jandarma Komutanl\u0131\u011f\u0131, Ocak ay\u0131nda d\u00fczenledi\u011fi 5 operasyonda izinsiz kaz\u0131larda kullan\u0131lan 6 dedekt\u00f6r, 21 kaz\u0131 malzemesi ve 16 sikke ele ge\u00e7irdi. Operasyonlarda 12 \u015f\u00fcpheli hakk\u0131nda adli i\u015flem ba\u015flat\u0131ld\u0131.<br \/>\n<br \/>Isparta \u0130l Jandarma Komutanl\u0131\u011f\u0131, k\u00fclt\u00fcrel miras\u0131n korunmas\u0131na y\u00f6nelik y\u00fcr\u00fctt\u00fc\u011f\u00fc operasyonlar\u0131na h\u0131z kesmeden devam ediyor. Ocak ay\u0131 i\u00e7erisinde ger\u00e7ekle\u015ftirilen 5 ayr\u0131 operasyonda, izinsiz kaz\u0131larda kullan\u0131lan alt\u0131 adet dedekt\u00f6r, 21 adet muhtelif kaz\u0131 malzemesi ve 16 adet sikke ele ge\u00e7irildi. Operasyonlar kapsam\u0131nda, tarihi eser ka\u00e7ak\u00e7\u0131l\u0131\u011f\u0131na kar\u0131\u015ft\u0131\u011f\u0131 tespit edilen 12 \u015f\u00fcpheli hakk\u0131nda adli i\u015flem ba\u015flat\u0131ld\u0131.<br \/><\/p>\n","protected":false},"excerpt":{"rendered":"<p>Isparta \u0130l Jandarma Komutanl\u0131\u011f\u0131, Ocak ay\u0131nda d\u00fczenledi\u011fi 5 operasyonda izinsiz kaz\u0131larda kullan\u0131lan 6 dedekt\u00f6r, 21 kaz\u0131 malzemesi ve 16 sikke ele ge\u00e7irdi. Operasyonlarda 12 \u015f\u00fcpheli hakk\u0131nda adli i\u015flem ba\u015flat\u0131ld\u0131. Isparta \u0130l Jandarma Komutanl\u0131\u011f\u0131, k\u00fclt\u00fcrel miras\u0131n korunmas\u0131na y\u00f6nelik y\u00fcr\u00fctt\u00fc\u011f\u00fc operasyonlar\u0131na h\u0131z kesmeden devam ediyor. Ocak ay\u0131 i\u00e7erisinde ger\u00e7ekle\u015ftirilen 5 ayr\u0131 operasyonda, izinsiz kaz\u0131larda kullan\u0131lan alt\u0131 adet&#8230;<\/p>\n","protected":false},"author":1,"featured_media":15333,"comment_status":"open","ping_status":"open","sticky":false,"template":"","format":"standard","meta":{"_crdt_document":"","footnotes":""},"categories":[5],"tags":[],"class_list":["post-15332","post","type-post","status-publish","format-standard","has-post-thumbnail","hentry","category-asayis"],"_links":{"self":[{"href":"https:\/\/www.egemtv.com\/index.php?rest_route=\/wp\/v2\/posts\/15332","targetHints":{"allow":["GET"]}}],"collection":[{"href":"https:\/\/www.egemtv.com\/index.php?rest_route=\/wp\/v2\/posts"}],"about":[{"href":"https:\/\/www.egemtv.com\/index.php?rest_route=\/wp\/v2\/types\/post"}],"author":[{"embeddable":true,"href":"https:\/\/www.egemtv.com\/index.php?rest_route=\/wp\/v2\/users\/1"}],"replies":[{"embeddable":true,"href":"https:\/\/www.egemtv.com\/index.php?rest_route=%2Fwp%2Fv2%2Fcomments&post=15332"}],"version-history":[{"count":1,"href":"https:\/\/www.egemtv.com\/index.php?rest_route=\/wp\/v2\/posts\/15332\/revisions"}],"predecessor-version":[{"id":15334,"href":"https:\/\/www.egemtv.com\/index.php?rest_route=\/wp\/v2\/posts\/15332\/revisions\/15334"}],"wp:featuredmedia":[{"embeddable":true,"href":"https:\/\/www.egemtv.com\/index.php?rest_route=\/wp\/v2\/media\/15333"}],"wp:attachment":[{"href":"https:\/\/www.egemtv.com\/index.php?rest_route=%2Fwp%2Fv2%2Fmedia&parent=15332"}],"wp:term":[{"taxonomy":"category","embeddable":true,"href":"https:\/\/www.egemtv.com\/index.php?rest_route=%2Fwp%2Fv2%2Fcategories&post=15332"},{"taxonomy":"post_tag","embeddable":true,"href":"https:\/\/www.egemtv.com\/index.php?rest_route=%2Fwp%2Fv2%2Ftags&post=15332"}],"curies":[{"name":"wp","href":"https:\/\/api.w.org\/{rel}","templated":true}]}}