{"id":15329,"date":"2025-02-04T13:46:39","date_gmt":"2025-02-04T10:46:39","guid":{"rendered":"https:\/\/www.egemtv.com\/?p=15329"},"modified":"2025-02-04T13:46:44","modified_gmt":"2025-02-04T10:46:44","slug":"turgutlu-belediyesinde-en-dusuk-maas-31-bin-272-tl-oldu","status":"publish","type":"post","link":"https:\/\/www.egemtv.com\/?p=15329","title":{"rendered":"Turgutlu Belediyesinde en d\u00fc\u015f\u00fck maa\u015f 31 bin 272 TL oldu"},"content":{"rendered":"<p>Turgutlu Belediyesi ile Belediye-\u0130\u015f Sendikas\u0131 aras\u0131nda 2025 y\u0131l\u0131nda en d\u00fc\u015f\u00fck personel maa\u015f\u0131n\u0131n 31 bin 272 TL olmas\u0131na y\u00f6nelik s\u00f6zle\u015fme imzaland\u0131.<br \/>\n<br \/>Turgutlu Belediyesi Personel A.\u015e. b\u00fcnyesinde \u00e7al\u0131\u015fan personelin 2025 y\u0131l\u0131nda alaca\u011f\u0131 maa\u015fa y\u00f6nelik s\u00f6zle\u015fme imzaland\u0131. Turgutlu Belediye Ba\u015fkan\u0131 \u00c7etin Ak\u0131n, Belediye-\u0130\u015f Sendikas\u0131 Manisa \u015eube Ba\u015fkan\u0131 Devrim Din\u00e7er, Personel A.\u015e. Genel M\u00fcd\u00fcr\u00fc Orhan Erat\u0131c\u0131 taraf\u0131ndan imzalanan s\u00f6zle\u015fme kapsam\u0131nda belediye personelinin ayl\u0131k alaca\u011f\u0131 en d\u00fc\u015f\u00fck \u00fccret 31 bin 272 TL olarak belirlendi. Ayr\u0131ca bu \u00fccrete ek olarak; nisan ve ekim aylar\u0131nda 11 g\u00fcnl\u00fck yevmiye verilecek. Kurban Bayram\u0131\u2019nda 10 g\u00fcnl\u00fck yevmiye, Ramazan Bayram\u0131\u2019nda 1.350 TL olmak \u00fczere Bayram Yard\u0131m\u0131 yap\u0131lacak. \u00c7ocu\u011fu olan personel, \u00e7ocuklar\u0131n\u0131n e\u011fitim durumuna g\u00f6re 500 TL ile 1300 TL aras\u0131nda E\u011fitim Yard\u0131m\u0131ndan yararlanacak. Evlenme yard\u0131m\u0131 3000 TL, \u00d6l\u00fcm Yard\u0131m\u0131 3500 TL olarak belirlendi. Yang\u0131n, su bask\u0131n\u0131, deprem gibi felaketlerde 5 g\u00fcn, \u00e7ocu\u011fun s\u00fcnneti halinde 3 g\u00fcn, evini ta\u015f\u0131yana 2 g\u00fcn, D\u00fcnya Engelliler G\u00fcn\u00fc\u2019nde t\u00fcm engelli \u00e7al\u0131\u015fanlara 1 g\u00fcn \u00fccretli izin verilecek. Ayr\u0131ca Hac g\u00f6revini yerine getirmek i\u00e7in Hacca giden \u00e7al\u0131\u015fanlar Hac s\u00fcresince \u00fccretli izinli say\u0131lacaklar. Yine, kad\u0131n \u00e7al\u0131\u015fanlar ay i\u00e7erisinde kendi belirleyecekleri bir tarihte 1 g\u00fcn izinli say\u0131lacaklar. Toplu \u0130\u015f S\u00f6zle\u015fmesinin ikinci ve \u00fc\u00e7\u00fcnc\u00fc y\u0131l\u0131nda ise t\u00fcm \u00fccretlere enflasyon oran\u0131nda zam yap\u0131lmas\u0131na karar verildi.<\/p>\n<p>&#8220;Bir gururu daha ya\u015f\u0131yoruz&#8221;<br \/>\n<br \/>\u0130mza t\u00f6reninde a\u00e7\u0131klamalarda bulunan Turgutlu Belediye Ba\u015fkan\u0131 \u00c7etin Ak\u0131n, &#8220;Belediyemizde mesai arkada\u015fl\u0131\u011f\u0131 yapt\u0131\u011f\u0131m\u0131z, i\u015f\u00e7i arkada\u015flar\u0131m\u0131z\u0131n sendikas\u0131 olan Belediye-\u0130\u015f Sendikas\u0131 ile toplu g\u00f6r\u00fc\u015fmelerimiz bitmi\u015ftir. Bir gururu daha ya\u015f\u0131yoruz. CHP Genel Ba\u015fkan\u0131m\u0131z Say\u0131n \u00d6zg\u00fcr \u00d6zel\u2019in s\u00f6yledi\u011fi gibi T\u00fcrkiye\u2019deki b\u00fct\u00fcn CHP\u2019li belediyelerde asgari \u00fccret 30 bin liran\u0131n alt\u0131nda olmayacak demi\u015fti. Bizlerde b\u00fct\u00fcn \u015fartlar\u0131m\u0131z\u0131 zorlad\u0131k. Bug\u00fcn itibariyle belediyemizde \u00e7al\u0131\u015fan mesai arkada\u015flar\u0131m\u0131z\u0131n maa\u015flar\u0131n\u0131n en d\u00fc\u015f\u00fck oran\u0131 31.272 TL olarak s\u00f6zle\u015fmemizi imzalad\u0131k. \u0130kramiyeleri ve sosyal haklar\u0131yla yakla\u015f\u0131k 33 bin lira civar\u0131nda bir maa\u015f \u00f6demesi yapaca\u011f\u0131z. Bu maa\u015flar bug\u00fcnk\u00fc T\u00fcrkiye \u015fartlar\u0131nda bizim istedi\u011fimiz miktarlarda de\u011fil. Ancak h\u00fck\u00fcmetin Cumhuriyet Halk Partili belediyelere uygulad\u0131\u011f\u0131 politikalar hem ekonomik anlamda hem de hukuki anlamda ciddi s\u0131k\u0131nt\u0131lar olu\u015fturmakta. Biz de bu maa\u015flar\u0131 \u00f6demek i\u00e7in elimizden gelen gayreti g\u00f6stererek i\u015f\u00e7ilerimizin daha fazlas\u0131n\u0131 hak ettikleri maa\u015flar\u0131n\u0131 g\u00fcn\u00fc g\u00fcne \u00f6deyece\u011fiz. Bug\u00fcne kadar b\u00fct\u00fcn ikramiyeleri, sosyal haklar\u0131 maa\u015flar\u0131yla beraber g\u00fcn\u00fc g\u00fcn\u00fcne \u00f6dediysek bundan sonra da bu \u00fccretleri \u00f6deme gayreti i\u00e7erisine girece\u011fiz. Allah bize \u00f6deme kolayl\u0131\u011f\u0131 versin, i\u015f\u00e7i arkada\u015flar\u0131m\u0131z\u0131n da ald\u0131klar\u0131 maa\u015flar\u0131 analar\u0131n ak s\u00fct\u00fc gibi helal olsun. S\u00f6zle\u015fmemiz hay\u0131rl\u0131 olsun&#8221; dedi.<\/p>\n<p>&#8220;\u00c7al\u0131\u015fanlar\u0131m\u0131za hay\u0131rl\u0131 ve u\u011furlu olsun&#8221;<br \/>\n<br \/>Personel A.\u015e Genel M\u00fcd\u00fcr\u00fc Orhan Erat\u0131c\u0131, &#8220;Personel A.\u015e ve Belediye \u0130\u015f Sendikas\u0131 aras\u0131nda yapm\u0131\u015f oldu\u011fumuz toplu i\u015f s\u00f6zle\u015fmesi bug\u00fcn itibariyle son bulmu\u015ftur. Belediyemizin b\u00fct\u00e7esine g\u00f6re ger\u00e7ekten t\u00fcm \u015fartlar\u0131 zorlayarak elinden geleni yapan, emek\u00e7ilerimizin dertleriyle her zaman dertlenen onlar\u0131n \u00fccretlerini zaman\u0131nda almas\u0131n\u0131 sa\u011flayan ve bu \u015fekil \u00e7al\u0131\u015fmalar\u0131n\u0131 ger\u00e7ekle\u015ftiren Belediye Ba\u015fkan\u0131m\u0131z \u00c7etin Ak\u0131n\u2019a ve Belediye y\u00f6netimine g\u00f6stermi\u015f olduklar\u0131 hassasiyetten dolay\u0131 \u00e7ok te\u015fekk\u00fcr ediyorum. Allah belediyemize \u00f6deme kolayl\u0131\u011f\u0131 nasip etsin, b\u00fct\u00fcn \u00e7al\u0131\u015fanlar\u0131m\u0131za hay\u0131rl\u0131 ve u\u011furlu olsun&#8221; dedi.<br \/>\n<br \/>Belediye -\u0130\u015f Manisa \u015eube Ba\u015fkan\u0131 Devrim Din\u00e7er, &#8220;Turgutlu Belediyesi ile bug\u00fcn itibariyle anla\u015fmam\u0131z sa\u011flanm\u0131\u015ft\u0131r. \u00c7etin Ba\u015fkan\u0131m\u0131za, Ba\u015fkan Yard\u0131mc\u0131lar\u0131m\u0131za ve Personel A.\u015e Genel M\u00fcd\u00fcr\u00fcm\u00fcz Orhan Erat\u0131c\u0131\u2019ya \u015fahs\u0131m, temsilcilerim ve sendikam ad\u0131na te\u015fekk\u00fcr ediyorum. T\u00fcm emek\u00e7ilere hay\u0131rl\u0131 ve u\u011furlu olsun&#8221; ifadelerini kulland\u0131.<br \/>\n<br \/>Turgutlu Belediyesi ve Belediye-\u0130\u015f Sendikas\u0131 aras\u0131nda imzalanan s\u00f6zle\u015fmenin imza t\u00f6renine Ba\u015fkan \u00c7etin Ak\u0131n ile birlikte Ba\u015fkan Yard\u0131mc\u0131lar\u0131 H\u00fcseyin Maliz, Ali R\u0131za K\u0131ran Personel A.\u015e. Genel M\u00fcd\u00fcr\u00fc Orhan Erat\u0131c\u0131, Belediye-\u0130\u015f Sendikas\u0131 Manisa \u015eube Ba\u015fkan\u0131 Devrim Din\u00e7er ve Turgutlu Belediyesi personeli kat\u0131ld\u0131.<br \/><\/p>\n","protected":false},"excerpt":{"rendered":"<p>Turgutlu Belediyesi ile Belediye-\u0130\u015f Sendikas\u0131 aras\u0131nda 2025 y\u0131l\u0131nda en d\u00fc\u015f\u00fck personel maa\u015f\u0131n\u0131n 31 bin 272 TL olmas\u0131na y\u00f6nelik s\u00f6zle\u015fme imzaland\u0131. Turgutlu Belediyesi Personel A.\u015e. b\u00fcnyesinde \u00e7al\u0131\u015fan personelin 2025 y\u0131l\u0131nda alaca\u011f\u0131 maa\u015fa y\u00f6nelik s\u00f6zle\u015fme imzaland\u0131. Turgutlu Belediye Ba\u015fkan\u0131 \u00c7etin Ak\u0131n, Belediye-\u0130\u015f Sendikas\u0131 Manisa \u015eube Ba\u015fkan\u0131 Devrim Din\u00e7er, Personel A.\u015e. Genel M\u00fcd\u00fcr\u00fc Orhan Erat\u0131c\u0131 taraf\u0131ndan imzalanan s\u00f6zle\u015fme&#8230;<\/p>\n","protected":false},"author":1,"featured_media":15330,"comment_status":"open","ping_status":"open","sticky":false,"template":"","format":"standard","meta":{"_crdt_document":"","footnotes":""},"categories":[125],"tags":[],"class_list":["post-15329","post","type-post","status-publish","format-standard","has-post-thumbnail","hentry","category-ekonomi"],"_links":{"self":[{"href":"https:\/\/www.egemtv.com\/index.php?rest_route=\/wp\/v2\/posts\/15329","targetHints":{"allow":["GET"]}}],"collection":[{"href":"https:\/\/www.egemtv.com\/index.php?rest_route=\/wp\/v2\/posts"}],"about":[{"href":"https:\/\/www.egemtv.com\/index.php?rest_route=\/wp\/v2\/types\/post"}],"author":[{"embeddable":true,"href":"https:\/\/www.egemtv.com\/index.php?rest_route=\/wp\/v2\/users\/1"}],"replies":[{"embeddable":true,"href":"https:\/\/www.egemtv.com\/index.php?rest_route=%2Fwp%2Fv2%2Fcomments&post=15329"}],"version-history":[{"count":1,"href":"https:\/\/www.egemtv.com\/index.php?rest_route=\/wp\/v2\/posts\/15329\/revisions"}],"predecessor-version":[{"id":15331,"href":"https:\/\/www.egemtv.com\/index.php?rest_route=\/wp\/v2\/posts\/15329\/revisions\/15331"}],"wp:featuredmedia":[{"embeddable":true,"href":"https:\/\/www.egemtv.com\/index.php?rest_route=\/wp\/v2\/media\/15330"}],"wp:attachment":[{"href":"https:\/\/www.egemtv.com\/index.php?rest_route=%2Fwp%2Fv2%2Fmedia&parent=15329"}],"wp:term":[{"taxonomy":"category","embeddable":true,"href":"https:\/\/www.egemtv.com\/index.php?rest_route=%2Fwp%2Fv2%2Fcategories&post=15329"},{"taxonomy":"post_tag","embeddable":true,"href":"https:\/\/www.egemtv.com\/index.php?rest_route=%2Fwp%2Fv2%2Ftags&post=15329"}],"curies":[{"name":"wp","href":"https:\/\/api.w.org\/{rel}","templated":true}]}}