{"id":15326,"date":"2025-02-04T13:41:09","date_gmt":"2025-02-04T10:41:09","guid":{"rendered":"https:\/\/www.egemtv.com\/?p=15326"},"modified":"2025-02-04T13:41:14","modified_gmt":"2025-02-04T10:41:14","slug":"tarim-iscileri-bahar-havasinda-calisiyor","status":"publish","type":"post","link":"https:\/\/www.egemtv.com\/?p=15326","title":{"rendered":"Tar\u0131m i\u015f\u00e7ileri bahar havas\u0131nda \u00e7al\u0131\u015f\u0131yor"},"content":{"rendered":"<p>Manisa\u2019n\u0131n Sar\u0131g\u00f6l il\u00e7esi ve \u00e7evresinde \u00fcz\u00fcm ba\u011flar\u0131nda k\u0131\u015fl\u0131k bak\u0131mlar\u0131 yapan tar\u0131m i\u015f\u00e7ileri bahar havas\u0131nda \u00e7al\u0131\u015fmalar\u0131n\u0131 aral\u0131ks\u0131z s\u00fcrd\u00fcr\u00fcyor.<br \/>\n<br \/>Sar\u0131g\u00f6l ve \u00e7evresinde \u00fcz\u00fcm ba\u011flar\u0131nda budama, tel germe, budama yap\u0131lan ba\u011f \u00e7ubuklar\u0131n\u0131 y\u00fcksek sistem tellere iple ba\u011flama gibi k\u0131\u015fl\u0131k \u00e7al\u0131\u015fmalar so\u011fuk hava yerine adeta bahar havas\u0131nda yap\u0131l\u0131yor. Etraf\u0131 papatyalarla \u00e7evrilen, meyve a\u011fa\u00e7lar\u0131n\u0131n \u00e7i\u00e7ek a\u00e7t\u0131\u011f\u0131, asmalar\u0131n bile yaprakland\u0131\u011f\u0131 Sar\u0131g\u00f6l\u2019de i\u015f\u00e7iler \u00fc\u015f\u00fcmeden i\u015flerini kolayl\u0131kla yap\u0131yor.<br \/>\n<br \/>Kad\u0131n tar\u0131m i\u015f\u00e7ilerinin g\u00fcnde 850 lira yevmiye ald\u0131\u011f\u0131n\u0131 kaydeden day\u0131ba\u015f\u0131 Necati Co\u015fkun, &#8220;Havalar \u0131l\u0131k ge\u00e7iyor bu nedenle ba\u011flar\u0131n k\u0131\u015fl\u0131k \u00e7al\u0131\u015fmalar\u0131 aksamadan yap\u0131l\u0131yor. Kimi yerlerde ba\u011flarda erken uyanma g\u00f6rmekteyiz. Badem, erik ve kay\u0131s\u0131 a\u011fa\u00e7lar\u0131 \u00e7i\u00e7ekleri a\u00e7t\u0131. Bahar havas\u0131nda ba\u011flarda ve tarlalarda i\u015f\u00e7i arkada\u015flar\u0131m\u0131z rahat \u00e7al\u0131\u015fma imkan\u0131 buluyorlar.&#8221; dedi.<br \/><\/p>\n","protected":false},"excerpt":{"rendered":"<p>Manisa\u2019n\u0131n Sar\u0131g\u00f6l il\u00e7esi ve \u00e7evresinde \u00fcz\u00fcm ba\u011flar\u0131nda k\u0131\u015fl\u0131k bak\u0131mlar\u0131 yapan tar\u0131m i\u015f\u00e7ileri bahar havas\u0131nda \u00e7al\u0131\u015fmalar\u0131n\u0131 aral\u0131ks\u0131z s\u00fcrd\u00fcr\u00fcyor. Sar\u0131g\u00f6l ve \u00e7evresinde \u00fcz\u00fcm ba\u011flar\u0131nda budama, tel germe, budama yap\u0131lan ba\u011f \u00e7ubuklar\u0131n\u0131 y\u00fcksek sistem tellere iple ba\u011flama gibi k\u0131\u015fl\u0131k \u00e7al\u0131\u015fmalar so\u011fuk hava yerine adeta bahar havas\u0131nda yap\u0131l\u0131yor. Etraf\u0131 papatyalarla \u00e7evrilen, meyve a\u011fa\u00e7lar\u0131n\u0131n \u00e7i\u00e7ek a\u00e7t\u0131\u011f\u0131, asmalar\u0131n bile yaprakland\u0131\u011f\u0131 Sar\u0131g\u00f6l\u2019de&#8230;<\/p>\n","protected":false},"author":1,"featured_media":15327,"comment_status":"open","ping_status":"open","sticky":false,"template":"","format":"standard","meta":{"_crdt_document":"","footnotes":""},"categories":[125],"tags":[],"class_list":["post-15326","post","type-post","status-publish","format-standard","has-post-thumbnail","hentry","category-ekonomi"],"_links":{"self":[{"href":"https:\/\/www.egemtv.com\/index.php?rest_route=\/wp\/v2\/posts\/15326","targetHints":{"allow":["GET"]}}],"collection":[{"href":"https:\/\/www.egemtv.com\/index.php?rest_route=\/wp\/v2\/posts"}],"about":[{"href":"https:\/\/www.egemtv.com\/index.php?rest_route=\/wp\/v2\/types\/post"}],"author":[{"embeddable":true,"href":"https:\/\/www.egemtv.com\/index.php?rest_route=\/wp\/v2\/users\/1"}],"replies":[{"embeddable":true,"href":"https:\/\/www.egemtv.com\/index.php?rest_route=%2Fwp%2Fv2%2Fcomments&post=15326"}],"version-history":[{"count":1,"href":"https:\/\/www.egemtv.com\/index.php?rest_route=\/wp\/v2\/posts\/15326\/revisions"}],"predecessor-version":[{"id":15328,"href":"https:\/\/www.egemtv.com\/index.php?rest_route=\/wp\/v2\/posts\/15326\/revisions\/15328"}],"wp:featuredmedia":[{"embeddable":true,"href":"https:\/\/www.egemtv.com\/index.php?rest_route=\/wp\/v2\/media\/15327"}],"wp:attachment":[{"href":"https:\/\/www.egemtv.com\/index.php?rest_route=%2Fwp%2Fv2%2Fmedia&parent=15326"}],"wp:term":[{"taxonomy":"category","embeddable":true,"href":"https:\/\/www.egemtv.com\/index.php?rest_route=%2Fwp%2Fv2%2Fcategories&post=15326"},{"taxonomy":"post_tag","embeddable":true,"href":"https:\/\/www.egemtv.com\/index.php?rest_route=%2Fwp%2Fv2%2Ftags&post=15326"}],"curies":[{"name":"wp","href":"https:\/\/api.w.org\/{rel}","templated":true}]}}