{"id":15323,"date":"2025-02-04T13:38:22","date_gmt":"2025-02-04T10:38:22","guid":{"rendered":"https:\/\/www.egemtv.com\/?p=15323"},"modified":"2025-02-04T13:38:28","modified_gmt":"2025-02-04T10:38:28","slug":"gazi-mustafa-kemal-ataturkun-denizli-ziyaretinin-94-yil-donumu-torenle-anildi","status":"publish","type":"post","link":"https:\/\/www.egemtv.com\/?p=15323","title":{"rendered":"Gazi Mustafa Kemal Atat\u00fcrk\u2019\u00fcn Denizli ziyaretinin 94. y\u0131l d\u00f6n\u00fcm\u00fc t\u00f6renle an\u0131ld\u0131"},"content":{"rendered":"<p>Cumhuriyetin kurucusu Gazi Mustafa Kemal Atat\u00fcrk\u2019\u00fcn Denizli ziyaretinin 94. y\u0131l d\u00f6n\u00fcm\u00fc t\u00f6renle an\u0131ld\u0131. Ba\u015fkan B\u00fclent Nuri \u00c7avu\u015fo\u011flu, &#8220;Bizler d\u00fcn oldu\u011fu gibi, bug\u00fcn de, yar\u0131n da Gazi Mustafa Kemal Atat\u00fcrk\u2019\u00fcn ve Cumhuriyetin \u00e7izgisinden ayr\u0131lmayaca\u011f\u0131z&#8221; dedi.<\/p>\n<p>T\u00fcrkiye Cumhuriyeti\u2019nin kurucusu Gazi Mustafa Kemal Atat\u00fcrk\u2019\u00fcn Denizli ziyaretinin 94. y\u0131ld\u00f6n\u00fcm\u00fc dolay\u0131s\u0131yla Delikli\u00e7\u0131nar Meydan\u0131\u2019nda anma t\u00f6reni d\u00fczenlendi. T\u00f6rene Denizli Valisi \u00d6mer Faruk Co\u015fkun, 11. Komando Tugay\u0131 Komutan\u0131 Vekili Ula\u015ft\u0131rma Albay Mehmet C\u00fcneyt Balaban, Denizli B\u00fcy\u00fck\u015fehir Belediye Ba\u015fkan\u0131 B\u00fclent Nuri \u00c7avu\u015fo\u011flu, TBMM Ba\u015fkanvekili Denizli Milletvekili G\u00fclizar Bi\u00e7er Karaca, milletvekili \u015eeref Arpac\u0131, Denizli B\u00fcy\u00fck\u015fehir Belediye Ba\u015fkan Vekili Ali Mar\u0131m, \u0130l Emniyet M\u00fcd\u00fcr\u00fc Yavuz Sa\u011fd\u0131\u00e7, Merkezefendi Belediye Ba\u015fkan\u0131 \u015eeniz Do\u011fan, Tavas Belediye Ba\u015fkan\u0131 Kadir Tat\u0131k, il\u00e7e belediye ba\u015fkanlar\u0131, siyasi parti ve sivil toplum kurulu\u015fu temsilcileri, gaziler, \u015fehit yak\u0131nlar\u0131 ve \u00e7ok say\u0131da vatanda\u015f kat\u0131ld\u0131.<\/p>\n<p>Atat\u00fcrk An\u0131t\u0131\u2019na \u00e7elenk sunulmas\u0131 ve \u0130stiklal Mar\u015f\u0131\u2019n\u0131n okunmas\u0131yla ba\u015flayan t\u00f6rende Denizli B\u00fcy\u00fck\u015fehir Belediyesi Halk Oyunlar\u0131 Toplulu\u011fu taraf\u0131ndan halk oyunlar\u0131 g\u00f6sterisi sunuldu. T\u00f6renin a\u00e7\u0131l\u0131\u015f konu\u015fmas\u0131n\u0131 yapan Denizli B\u00fcy\u00fck\u015fehir Belediye Ba\u015fkan\u0131 B\u00fclent Nuri \u00c7avu\u015fo\u011flu, &#8220;Gazi Mustafa Kemal Atat\u00fcrk bu \u00fclkeye nasip olmam\u0131\u015f olsayd\u0131, bug\u00fcn bizler nerede ve nas\u0131l olaca\u011f\u0131m\u0131z\u0131, hangi g\u00fc\u00e7ler taraf\u0131ndan ma\u015faya \u00e7evrilip oynat\u0131l\u0131yor olaca\u011f\u0131m\u0131z\u0131 bilemezdik. Bu \u00fclkeyi Cumhuriyetle ta\u00e7land\u0131ran, k\u00fc\u00e7\u00fcc\u00fck bir gemide koskoca y\u00fcrekleriyle bu yolculu\u011fu tamamlayan ve kendilerini de\u011fil, gelecek nesilleri d\u00fc\u015f\u00fcnen ba\u015fta Gazi Mustafa Kemal Atat\u00fcrk ve silah arkada\u015flar\u0131n\u0131n bize ne kadar de\u011ferli bir miras b\u0131rakt\u0131klar\u0131n\u0131n fark\u0131nday\u0131z&#8221; dedi.<\/p>\n<p>&#8220;D\u00fcn oldu\u011fu gibi, bug\u00fcn de, yar\u0131n da&#8221;<br \/>\n<br \/>Ba\u015fkan \u00c7avu\u015fo\u011flu konu\u015fmas\u0131n\u0131 \u015f\u00f6yle s\u00fcrd\u00fcrd\u00fc; &#8220;Bizler d\u00fcn oldu\u011fu gibi, bug\u00fcn de, yar\u0131n da Gazi Mustafa Kemal Atat\u00fcrk\u2019\u00fcn, Cumhuriyetin \u00e7izgisinden ayr\u0131lmayaca\u011f\u0131z. \u0130lkelerini sadece T\u00fcrkiye Cumhuriyeti s\u0131n\u0131rlar\u0131 i\u00e7erisinde de\u011fil, d\u00fcnyan\u0131n tamam\u0131nda inan\u0131lan ve savunulan de\u011fer haline getirilmesi i\u00e7in m\u00fccadelesini s\u00fcrd\u00fcrece\u011fiz. Bundan 94 sene \u00f6nce bu co\u011frafyaya ayak basmas\u0131yla bizleri onurland\u0131ran Gazi Mustafa Kemal Atat\u00fcrk\u2019\u00fcn \u015fehrimize geli\u015fini bir kez daha sayg\u0131yla an\u0131yor, O\u2019nun \u00e7izgisinden ayr\u0131lmayaca\u011f\u0131m\u0131z\u0131, askeri olarak m\u00fccadelemize devam edece\u011fimizi bir kez daha ifade ediyorum&#8221; diye konu\u015ftu.<\/p>\n<p>&#8220;Heyecan\u0131m\u0131z, azmimiz ve gayretimiz her daim devam edecektir&#8221;<br \/>\n<br \/>Denizli Valisi \u00d6mer Faruk Co\u015fkun ise, Cumhuriyetin kurucusu Gazi Mustafa Kemal Atat\u00fcrk\u2019\u00fcn Denizli\u2019ye te\u015friflerinin 94. y\u0131l d\u00f6n\u00fcm\u00fcn\u00fcn mutlulu\u011fu ve gururunu ya\u015fad\u0131klar\u0131n\u0131 s\u00f6yledi. Vali Co\u015fkun, &#8220;Denizlili hem\u015fehrilerimiz muas\u0131r medeniyetler seviyesine ula\u015fma yolunda her alanda belirlenen hedefleri bir bir a\u015farak, geli\u015fen ekonomisi ve her alandaki ad\u0131mlar\u0131 ile b\u00fcy\u00fck bir \u015fevkle \u00e7al\u0131\u015f\u0131rken, heyecan\u0131m\u0131z, azmimiz ve gayretimiz her daim devam edecektir. 94 y\u0131l \u00f6nce bug\u00fcn \u015fehrimize te\u015frif ederek, halk\u0131m\u0131z\u0131 ve Denizli\u2019mizi onurland\u0131ran, ilimizi ziyaret etti\u011fi her yerde g\u00f6n\u00fcllerde iz b\u0131rakan Gazi Mustafa Kemal Atat\u00fcrk\u2019\u00fc, silah arkada\u015flar\u0131n\u0131, bir hilal u\u011fruna canlar\u0131n\u0131 feda eden aziz \u015fehitlerimizi, rahmetle yad ediyor, kahraman gazilerimize \u015f\u00fckranlar\u0131m\u0131z\u0131 sunuyorum&#8221; ifadelerini kulland\u0131.<\/p>\n<p>Atat\u00fcrk\u2019\u00fcn Denizli\u2019ye geli\u015fi \u00e7e\u015fitli etkinliklerle an\u0131l\u0131yor<br \/>\n<br \/>Konu\u015fmalar\u0131n ard\u0131ndan Atat\u00fcrk Ko\u015fusu ve resim yar\u0131\u015fmas\u0131nda dereceye giren \u00f6\u011frencilere \u00f6d\u00fclleri verildi. \u00d6te yandan Atat\u00fcrk\u2019\u00fcn Denizli ziyaretiyle ilgili \u00e7e\u015fitli etkinlikler d\u00fczenleniyor. B\u00fcy\u00fck\u015fehir Belediyesi Turan Bahad\u0131r Sergi Salonu\u2019nda Atat\u00fcrk\u2019\u00fcn Denizli\u2019ye ziyareti ile ilgili foto\u011fraf ve resimlerinin bulundu\u011fu serginin a\u00e7\u0131l\u0131\u015f\u0131 Denizli Valisi \u00d6mer Faruk Co\u015fkun, 11. Komando Tugay\u0131 Komutan\u0131 Vekili Ula\u015ft\u0131rma Albay Mehmet C\u00fcneyt Balaban, Denizli B\u00fcy\u00fck\u015fehir Belediye Ba\u015fkan\u0131 B\u00fclent Nuri \u00c7avu\u015fo\u011flu ve beraberindekiler taraf\u0131ndan yap\u0131ld\u0131. Atat\u00fcrk\u2019\u00fcn Denizli\u2019ye ziyareti etkinlikleri kapsam\u0131nda \u00d6\u011fretim \u00dcyesi Dr. Nezahat Belen taraf\u0131ndan \u00c7atal\u00e7e\u015fme Oda Tiyatrosu\u2019nda &#8220;Atat\u00fcrk\u2019\u00fcn Denizli\u2019ye Ziyaretinin Yurt Gezileri \u0130\u00e7indeki Yeri&#8221; adl\u0131 konferans ger\u00e7ekle\u015ftirildi.<br \/><\/p>\n","protected":false},"excerpt":{"rendered":"<p>Cumhuriyetin kurucusu Gazi Mustafa Kemal Atat\u00fcrk\u2019\u00fcn Denizli ziyaretinin 94. y\u0131l d\u00f6n\u00fcm\u00fc t\u00f6renle an\u0131ld\u0131. Ba\u015fkan B\u00fclent Nuri \u00c7avu\u015fo\u011flu, &#8220;Bizler d\u00fcn oldu\u011fu gibi, bug\u00fcn de, yar\u0131n da Gazi Mustafa Kemal Atat\u00fcrk\u2019\u00fcn ve Cumhuriyetin \u00e7izgisinden ayr\u0131lmayaca\u011f\u0131z&#8221; dedi. T\u00fcrkiye Cumhuriyeti\u2019nin kurucusu Gazi Mustafa Kemal Atat\u00fcrk\u2019\u00fcn Denizli ziyaretinin 94. y\u0131ld\u00f6n\u00fcm\u00fc dolay\u0131s\u0131yla Delikli\u00e7\u0131nar Meydan\u0131\u2019nda anma t\u00f6reni d\u00fczenlendi. T\u00f6rene Denizli Valisi \u00d6mer&#8230;<\/p>\n","protected":false},"author":1,"featured_media":15324,"comment_status":"open","ping_status":"open","sticky":false,"template":"","format":"standard","meta":{"_crdt_document":"","footnotes":""},"categories":[123],"tags":[],"class_list":["post-15323","post","type-post","status-publish","format-standard","has-post-thumbnail","hentry","category-gundem"],"_links":{"self":[{"href":"https:\/\/www.egemtv.com\/index.php?rest_route=\/wp\/v2\/posts\/15323","targetHints":{"allow":["GET"]}}],"collection":[{"href":"https:\/\/www.egemtv.com\/index.php?rest_route=\/wp\/v2\/posts"}],"about":[{"href":"https:\/\/www.egemtv.com\/index.php?rest_route=\/wp\/v2\/types\/post"}],"author":[{"embeddable":true,"href":"https:\/\/www.egemtv.com\/index.php?rest_route=\/wp\/v2\/users\/1"}],"replies":[{"embeddable":true,"href":"https:\/\/www.egemtv.com\/index.php?rest_route=%2Fwp%2Fv2%2Fcomments&post=15323"}],"version-history":[{"count":1,"href":"https:\/\/www.egemtv.com\/index.php?rest_route=\/wp\/v2\/posts\/15323\/revisions"}],"predecessor-version":[{"id":15325,"href":"https:\/\/www.egemtv.com\/index.php?rest_route=\/wp\/v2\/posts\/15323\/revisions\/15325"}],"wp:featuredmedia":[{"embeddable":true,"href":"https:\/\/www.egemtv.com\/index.php?rest_route=\/wp\/v2\/media\/15324"}],"wp:attachment":[{"href":"https:\/\/www.egemtv.com\/index.php?rest_route=%2Fwp%2Fv2%2Fmedia&parent=15323"}],"wp:term":[{"taxonomy":"category","embeddable":true,"href":"https:\/\/www.egemtv.com\/index.php?rest_route=%2Fwp%2Fv2%2Fcategories&post=15323"},{"taxonomy":"post_tag","embeddable":true,"href":"https:\/\/www.egemtv.com\/index.php?rest_route=%2Fwp%2Fv2%2Ftags&post=15323"}],"curies":[{"name":"wp","href":"https:\/\/api.w.org\/{rel}","templated":true}]}}