{"id":15320,"date":"2025-02-04T13:35:05","date_gmt":"2025-02-04T10:35:05","guid":{"rendered":"https:\/\/www.egemtv.com\/?p=15320"},"modified":"2025-02-04T13:35:10","modified_gmt":"2025-02-04T10:35:10","slug":"hisarcikta-avci-egitimi-kursu-acildi","status":"publish","type":"post","link":"https:\/\/www.egemtv.com\/?p=15320","title":{"rendered":"Hisarc\u0131k\u2019ta Avc\u0131 E\u011fitimi Kursu a\u00e7\u0131ld\u0131"},"content":{"rendered":"<p>K\u00fctahya\u2019n\u0131n Hisarc\u0131k il\u00e7esinde Merkez Avc\u0131l\u0131k ve At\u0131c\u0131l\u0131k Kul\u00fcb\u00fc Derne\u011finin giri\u015fimi, Do\u011fa Koruma ve Milli Parklar Genel M\u00fcd\u00fcrl\u00fc\u011f\u00fc K\u00fctahya \u015eubesi i\u015fbirli\u011fiyle \u015eehit Ahmet Yavuz Halk E\u011fitim Merkezi taraf\u0131ndan Avc\u0131 E\u011fitimi Kursu a\u00e7\u0131ld\u0131.<br \/>\n<br \/>\u015eehit Ahmet Yavuz Halk E\u011fitim Merkezinde 5 uzman taraf\u0131ndan verilen Avc\u0131 E\u011fitimi Kursunda avc\u0131 adaylar\u0131na, sa\u011fl\u0131k bilgisi, ilk yard\u0131m, av silahl\u0131lar\u0131 ve uygulamas\u0131, avc\u0131l\u0131\u011f\u0131n tarihi felsefesi ve \u00f6z\u00fc, av i\u00e7in gerekli bilgiler, avc\u0131l\u0131kta etik ve ahlaki bilgiler, ekoloji bilgisi, \u00e7evrenin korunmas\u0131 konular\u0131nda bilgi veriliyor.<br \/>\n<br \/>Halk E\u011fitimi Merkezi M\u00fcd\u00fcr\u00fc Sebiha Kaya, 27 kursiyere verilen kursun toplam 32 saat s\u00fcrece\u011fini s\u00f6yledi. M\u00fcd\u00fcr Kaya, a\u00e7\u0131lan kurs sayesinde avc\u0131l\u0131\u011fa merakl\u0131 olan vatanda\u015flar\u0131n bilin\u00e7lendirilmesinin hedeflendi\u011fini, bu y\u00f6ntemle \u00e7evre ve av hayvanlar\u0131n\u0131n daha iyi korunaca\u011f\u0131n\u0131 belirtti.<br \/>\n<br \/>Milli E\u011fitim Bakanl\u0131\u011f\u0131 ve \u0130nsan Hak ve H\u00fcrriyetleri ve \u0130nsani Yard\u0131m Vakf\u0131n\u0131n ortak projesi olan yetim karde\u015f projesine katk\u0131da bulunan Avc\u0131 E\u011fitimi Kursuna gelen kursiyerlere ve Hisarc\u0131k Merkez Avc\u0131l\u0131k ve At\u0131c\u0131l\u0131k Kul\u00fcb\u00fc Derne\u011fine te\u015fekk\u00fcr eden Kaya, yap\u0131lan ba\u011f\u0131\u015f sayesinde 4 ay boyunca bir yetime sponsor olunaca\u011f\u0131n\u0131 s\u00f6yledi.<br \/><\/p>\n","protected":false},"excerpt":{"rendered":"<p>K\u00fctahya\u2019n\u0131n Hisarc\u0131k il\u00e7esinde Merkez Avc\u0131l\u0131k ve At\u0131c\u0131l\u0131k Kul\u00fcb\u00fc Derne\u011finin giri\u015fimi, Do\u011fa Koruma ve Milli Parklar Genel M\u00fcd\u00fcrl\u00fc\u011f\u00fc K\u00fctahya \u015eubesi i\u015fbirli\u011fiyle \u015eehit Ahmet Yavuz Halk E\u011fitim Merkezi taraf\u0131ndan Avc\u0131 E\u011fitimi Kursu a\u00e7\u0131ld\u0131. \u015eehit Ahmet Yavuz Halk E\u011fitim Merkezinde 5 uzman taraf\u0131ndan verilen Avc\u0131 E\u011fitimi Kursunda avc\u0131 adaylar\u0131na, sa\u011fl\u0131k bilgisi, ilk yard\u0131m, av silahl\u0131lar\u0131 ve uygulamas\u0131, avc\u0131l\u0131\u011f\u0131n&#8230;<\/p>\n","protected":false},"author":1,"featured_media":15321,"comment_status":"open","ping_status":"open","sticky":false,"template":"","format":"standard","meta":{"_crdt_document":"","footnotes":""},"categories":[1],"tags":[],"class_list":["post-15320","post","type-post","status-publish","format-standard","has-post-thumbnail","hentry","category-guncel"],"_links":{"self":[{"href":"https:\/\/www.egemtv.com\/index.php?rest_route=\/wp\/v2\/posts\/15320","targetHints":{"allow":["GET"]}}],"collection":[{"href":"https:\/\/www.egemtv.com\/index.php?rest_route=\/wp\/v2\/posts"}],"about":[{"href":"https:\/\/www.egemtv.com\/index.php?rest_route=\/wp\/v2\/types\/post"}],"author":[{"embeddable":true,"href":"https:\/\/www.egemtv.com\/index.php?rest_route=\/wp\/v2\/users\/1"}],"replies":[{"embeddable":true,"href":"https:\/\/www.egemtv.com\/index.php?rest_route=%2Fwp%2Fv2%2Fcomments&post=15320"}],"version-history":[{"count":1,"href":"https:\/\/www.egemtv.com\/index.php?rest_route=\/wp\/v2\/posts\/15320\/revisions"}],"predecessor-version":[{"id":15322,"href":"https:\/\/www.egemtv.com\/index.php?rest_route=\/wp\/v2\/posts\/15320\/revisions\/15322"}],"wp:featuredmedia":[{"embeddable":true,"href":"https:\/\/www.egemtv.com\/index.php?rest_route=\/wp\/v2\/media\/15321"}],"wp:attachment":[{"href":"https:\/\/www.egemtv.com\/index.php?rest_route=%2Fwp%2Fv2%2Fmedia&parent=15320"}],"wp:term":[{"taxonomy":"category","embeddable":true,"href":"https:\/\/www.egemtv.com\/index.php?rest_route=%2Fwp%2Fv2%2Fcategories&post=15320"},{"taxonomy":"post_tag","embeddable":true,"href":"https:\/\/www.egemtv.com\/index.php?rest_route=%2Fwp%2Fv2%2Ftags&post=15320"}],"curies":[{"name":"wp","href":"https:\/\/api.w.org\/{rel}","templated":true}]}}