{"id":15317,"date":"2025-02-04T13:32:24","date_gmt":"2025-02-04T10:32:24","guid":{"rendered":"https:\/\/www.egemtv.com\/?p=15317"},"modified":"2025-02-04T13:32:25","modified_gmt":"2025-02-04T10:32:25","slug":"vali-musa-isin-aileyi-korumak-toplumu-guclendirir","status":"publish","type":"post","link":"https:\/\/www.egemtv.com\/?p=15317","title":{"rendered":"Vali Musa I\u015f\u0131n: &#8220;Aileyi korumak, toplumu g\u00fc\u00e7lendirir&#8221;"},"content":{"rendered":"<p>K\u00fctahya\u2019da, Kad\u0131na Y\u00f6nelik \u015eiddetle M\u00fccadele \u0130l Koordinasyon, \u0130zleme ve De\u011ferlendirme ile \u00c7ocuk Koruma \u0130l Koordinasyon Kurulu toplant\u0131lar\u0131, Vali Musa I\u015f\u0131n\u2019\u0131n ba\u015fkanl\u0131\u011f\u0131nda ger\u00e7ekle\u015ftirildi. Toplant\u0131lara, ilgili kurum ve kurulu\u015flar\u0131n yetkilileri kat\u0131ld\u0131.<br \/>\n<br \/>Toplant\u0131larda, 2024 y\u0131l\u0131na y\u00f6nelik kad\u0131na y\u00f6nelik \u015fiddetle m\u00fccadele \u00e7al\u0131\u015fmalar\u0131 ve \u00e7ocuklara y\u00f6nelik hizmetler kapsaml\u0131 bir \u015fekilde de\u011ferlendirildi. Aile ve Sosyal Hizmetler \u0130l M\u00fcd\u00fcrl\u00fc\u011f\u00fc taraf\u0131ndan, 2024 y\u0131l\u0131 faaliyet program\u0131 do\u011frultusunda sorumlu kurumlar\u0131n \u00e7al\u0131\u015fmalar\u0131 hakk\u0131nda bilgilendirme yap\u0131ld\u0131.<\/p>\n<p>&#8220;\u00d6nceli\u011fimiz, kad\u0131nlar\u0131n, \u00e7ocuklar\u0131n ve ailenin korunmas\u0131&#8221;<br \/>\n<br \/>Vali Musa I\u015f\u0131n, toplant\u0131da yapt\u0131\u011f\u0131 konu\u015fmada kad\u0131na y\u00f6nelik \u015fiddetle m\u00fccadele ve \u00e7ocuk koruma hizmetlerinin \u00f6nemine vurgu yapt\u0131. K\u00fctahya\u2019n\u0131n, di\u011fer illere g\u00f6re \u015fiddet olaylar\u0131nda daha iyi bir durumda oldu\u011funu belirten I\u015f\u0131n, &#8220;Ancak yine de tedbiri elden b\u0131rakmamak zorunday\u0131z. Valili\u011fimiz, t\u00fcm kurumlar\u0131m\u0131z, belediyelerimiz ve kaymakaml\u0131klar\u0131m\u0131z bu konuda sorumluluklar\u0131n\u0131 yerine getirmelidir&#8221; dedi.<br \/>\n<br \/>Aile kurumunun toplumun temel ta\u015f\u0131 oldu\u011funu ifade eden Vali I\u015f\u0131n, aileleri koruman\u0131n toplumsal yap\u0131y\u0131 g\u00fc\u00e7lendirdi\u011fine dikkat \u00e7ekti. Ailelerin ilgili kurumlarla i\u015f birli\u011fi i\u00e7inde olmas\u0131 gerekti\u011fini vurgulayarak, &#8220;Biz elimizden geleni yap\u0131yoruz, ancak ailelere de b\u00fcy\u00fck g\u00f6revler d\u00fc\u015f\u00fcyor. Kurumlar\u0131m\u0131z, aileleri \u00e7ocuklar konusunda bilin\u00e7lendirmeli ve daha fark\u0131nda olmalar\u0131n\u0131 sa\u011flamal\u0131d\u0131r&#8221; dedi.<br \/>\n<br \/>Vali I\u015f\u0131n, iyi bir meslek sahibi olman\u0131n yan\u0131 s\u0131ra ahlaki de\u011ferlere sahip bireyler yeti\u015ftirmenin \u00f6nemine de de\u011finerek, 2025 y\u0131l\u0131nda kad\u0131nlar, \u00e7ocuklar ve aileler i\u00e7in yap\u0131lan \u00e7al\u0131\u015fmalar\u0131n art\u0131r\u0131larak devam edece\u011fini belirtti.<\/p>\n<p>&#8220;Uyu\u015fturucu ter\u00f6rden daha tehlikelidir&#8221;<br \/>\n<br \/>Uyu\u015fturucu ile m\u00fccadele konusuna da de\u011finen I\u015f\u0131n, ailelerin bu konuda daha bilin\u00e7li olmas\u0131 gerekti\u011fine dikkat \u00e7ekti. &#8220;Uyu\u015fturucu, en \u00f6nemli sorunlar\u0131m\u0131zdan biridir. Ailelerin, okullar\u0131n ve ilgili kurumlar\u0131n bu konuda s\u00fcrekli teyakkuzda olmas\u0131 gerekiyor. Uyu\u015fturucu ter\u00f6rden daha tehlikelidir \u00e7\u00fcnk\u00fc sinsi bir \u015fekilde ilerler ve gen\u00e7lerimizi, gelece\u011fimizi kaybettirir&#8221; ifadelerini kulland\u0131.<br \/>\n<br \/>Uyu\u015fturucuyla m\u00fccadelede yaln\u0131zca g\u00fcvenlik \u00f6nlemlerinin yeterli olmad\u0131\u011f\u0131n\u0131 belirten Vali I\u015f\u0131n, ailelerin ve toplumun deste\u011finin \u015fart oldu\u011funu vurgulad\u0131. &#8220;Aileler destek vermeden bu sorunun \u00fcstesinden gelmemiz m\u00fcmk\u00fcn de\u011fil. O y\u00fczden \u00f6nleyici tedbirleri s\u0131k\u0131 tutmal\u0131y\u0131z&#8221; dedi.<br \/>\n<br \/>Vali Musa I\u015f\u0131n, konu\u015fmas\u0131n\u0131n sonunda 2025 y\u0131l\u0131 i\u00e7in planlanan projelere de de\u011findi. Kad\u0131nlar, \u00e7ocuklar ve ailelerin korunmas\u0131na y\u00f6nelik \u00e7al\u0131\u015fmalar\u0131n art\u0131r\u0131larak s\u00fcrd\u00fcr\u00fclece\u011fini belirten I\u015f\u0131n, &#8220;\u00d6zellikle aileleri s\u00fcrece dahil etmek i\u00e7in daha fazla \u00e7aba g\u00f6stermeliyiz. Ailelerin bilin\u00e7lendirilmesi i\u00e7in herkesin el birli\u011fiyle \u00e7al\u0131\u015fmas\u0131 gerekiyor&#8221; dedi.<br \/><\/p>\n","protected":false},"excerpt":{"rendered":"<p>K\u00fctahya\u2019da, Kad\u0131na Y\u00f6nelik \u015eiddetle M\u00fccadele \u0130l Koordinasyon, \u0130zleme ve De\u011ferlendirme ile \u00c7ocuk Koruma \u0130l Koordinasyon Kurulu toplant\u0131lar\u0131, Vali Musa I\u015f\u0131n\u2019\u0131n ba\u015fkanl\u0131\u011f\u0131nda ger\u00e7ekle\u015ftirildi. Toplant\u0131lara, ilgili kurum ve kurulu\u015flar\u0131n yetkilileri kat\u0131ld\u0131. Toplant\u0131larda, 2024 y\u0131l\u0131na y\u00f6nelik kad\u0131na y\u00f6nelik \u015fiddetle m\u00fccadele \u00e7al\u0131\u015fmalar\u0131 ve \u00e7ocuklara y\u00f6nelik hizmetler kapsaml\u0131 bir \u015fekilde de\u011ferlendirildi. Aile ve Sosyal Hizmetler \u0130l M\u00fcd\u00fcrl\u00fc\u011f\u00fc taraf\u0131ndan, 2024 y\u0131l\u0131&#8230;<\/p>\n","protected":false},"author":1,"featured_media":15318,"comment_status":"open","ping_status":"open","sticky":false,"template":"","format":"standard","meta":{"_crdt_document":"","footnotes":""},"categories":[123],"tags":[],"class_list":["post-15317","post","type-post","status-publish","format-standard","has-post-thumbnail","hentry","category-gundem"],"_links":{"self":[{"href":"https:\/\/www.egemtv.com\/index.php?rest_route=\/wp\/v2\/posts\/15317","targetHints":{"allow":["GET"]}}],"collection":[{"href":"https:\/\/www.egemtv.com\/index.php?rest_route=\/wp\/v2\/posts"}],"about":[{"href":"https:\/\/www.egemtv.com\/index.php?rest_route=\/wp\/v2\/types\/post"}],"author":[{"embeddable":true,"href":"https:\/\/www.egemtv.com\/index.php?rest_route=\/wp\/v2\/users\/1"}],"replies":[{"embeddable":true,"href":"https:\/\/www.egemtv.com\/index.php?rest_route=%2Fwp%2Fv2%2Fcomments&post=15317"}],"version-history":[{"count":1,"href":"https:\/\/www.egemtv.com\/index.php?rest_route=\/wp\/v2\/posts\/15317\/revisions"}],"predecessor-version":[{"id":15319,"href":"https:\/\/www.egemtv.com\/index.php?rest_route=\/wp\/v2\/posts\/15317\/revisions\/15319"}],"wp:featuredmedia":[{"embeddable":true,"href":"https:\/\/www.egemtv.com\/index.php?rest_route=\/wp\/v2\/media\/15318"}],"wp:attachment":[{"href":"https:\/\/www.egemtv.com\/index.php?rest_route=%2Fwp%2Fv2%2Fmedia&parent=15317"}],"wp:term":[{"taxonomy":"category","embeddable":true,"href":"https:\/\/www.egemtv.com\/index.php?rest_route=%2Fwp%2Fv2%2Fcategories&post=15317"},{"taxonomy":"post_tag","embeddable":true,"href":"https:\/\/www.egemtv.com\/index.php?rest_route=%2Fwp%2Fv2%2Ftags&post=15317"}],"curies":[{"name":"wp","href":"https:\/\/api.w.org\/{rel}","templated":true}]}}