{"id":15314,"date":"2025-02-04T13:32:18","date_gmt":"2025-02-04T10:32:18","guid":{"rendered":"https:\/\/www.egemtv.com\/?p=15314"},"modified":"2025-02-04T13:32:24","modified_gmt":"2025-02-04T10:32:24","slug":"ucuruma-yuvarlayan-aracta-3-kisi-yaralandi","status":"publish","type":"post","link":"https:\/\/www.egemtv.com\/?p=15314","title":{"rendered":"U\u00e7uruma yuvarlayan ara\u00e7ta 3 ki\u015fi yaraland\u0131"},"content":{"rendered":"<p>Denizli\u2019nin \u00c7ameli il\u00e7esinde s\u00fcr\u00fcc\u00fcs\u00fcn\u00fcn direksiyon hakimiyetini kaybetti\u011fi otomobilde bulunan 1\u2019isi a\u011f\u0131r 3 ki\u015fi yaraland\u0131.<\/p>\n<p>Kaza, Denizli\u2019nin \u00c7ameli il\u00e7esine ba\u011fl\u0131 Kirazl\u0131yayla Mahallesi\u2019nde meydana geldi. Edinilen bilgilere g\u00f6re; \u00c7ameli Karap\u0131nar Mahallesi\u2019nden Emecik Mahallesi istikametine giden \u0130smail G. idaresindeki otomobil, Kirazl\u0131yayla Mahallesi M\u0131nak mevkiine geldi\u011finde, s\u00fcr\u00fcc\u00fc \u0130smail G.\u2019nin direksiyon hakimiyetini kaybetmesiyle kontrolden \u00e7\u0131kt\u0131. Yoldan \u00e7\u0131karak u\u00e7urumdan yuvarlanan ara\u00e7, kayalara ve a\u011fa\u00e7lara tak\u0131larak ters durdu. Olay\u0131 g\u00f6ren vatanda\u015flar\u0131n ihbar\u0131 \u00fczerine b\u00f6lgeye jandarma, sa\u011fl\u0131k ve itfaiye ekipleri sevk edildi. U\u00e7urumun a\u015fa\u011f\u0131s\u0131nda bulunan ara\u00e7tan \u00e7\u0131kartt\u0131klar\u0131 yaral\u0131lar\u0131 itfaiye ekiplerinden alan sa\u011fl\u0131k ekipleri yaral\u0131lar\u0131 ilk m\u00fcdahalelerini olay yerinde yapt\u0131.<\/p>\n<p>Ara\u00e7ta bulunan 3 ki\u015fiden \u015fof\u00f6r \u0130smail G. ve Ay\u015fe G. hafif yaralan\u0131rken, Ramazan G.\u2019nin a\u011f\u0131r yaraland\u0131\u011f\u0131 \u00f6\u011frenildi. Olay yerine gelen ambulansla Denizli Devlet Hastanesine sevk edilen Ramazan G.\u2019nin bilincinin kapal\u0131 oldu\u011fu ifade edildi.<br \/>\n<br \/>Kazayla ilgili soru\u015fturma ba\u015flat\u0131ld\u0131.<br \/><\/p>\n","protected":false},"excerpt":{"rendered":"<p>Denizli\u2019nin \u00c7ameli il\u00e7esinde s\u00fcr\u00fcc\u00fcs\u00fcn\u00fcn direksiyon hakimiyetini kaybetti\u011fi otomobilde bulunan 1\u2019isi a\u011f\u0131r 3 ki\u015fi yaraland\u0131. Kaza, Denizli\u2019nin \u00c7ameli il\u00e7esine ba\u011fl\u0131 Kirazl\u0131yayla Mahallesi\u2019nde meydana geldi. Edinilen bilgilere g\u00f6re; \u00c7ameli Karap\u0131nar Mahallesi\u2019nden Emecik Mahallesi istikametine giden \u0130smail G. idaresindeki otomobil, Kirazl\u0131yayla Mahallesi M\u0131nak mevkiine geldi\u011finde, s\u00fcr\u00fcc\u00fc \u0130smail G.\u2019nin direksiyon hakimiyetini kaybetmesiyle kontrolden \u00e7\u0131kt\u0131. Yoldan \u00e7\u0131karak u\u00e7urumdan yuvarlanan ara\u00e7,&#8230;<\/p>\n","protected":false},"author":1,"featured_media":15315,"comment_status":"open","ping_status":"open","sticky":false,"template":"","format":"standard","meta":{"_crdt_document":"","footnotes":""},"categories":[5],"tags":[],"class_list":["post-15314","post","type-post","status-publish","format-standard","has-post-thumbnail","hentry","category-asayis"],"_links":{"self":[{"href":"https:\/\/www.egemtv.com\/index.php?rest_route=\/wp\/v2\/posts\/15314","targetHints":{"allow":["GET"]}}],"collection":[{"href":"https:\/\/www.egemtv.com\/index.php?rest_route=\/wp\/v2\/posts"}],"about":[{"href":"https:\/\/www.egemtv.com\/index.php?rest_route=\/wp\/v2\/types\/post"}],"author":[{"embeddable":true,"href":"https:\/\/www.egemtv.com\/index.php?rest_route=\/wp\/v2\/users\/1"}],"replies":[{"embeddable":true,"href":"https:\/\/www.egemtv.com\/index.php?rest_route=%2Fwp%2Fv2%2Fcomments&post=15314"}],"version-history":[{"count":1,"href":"https:\/\/www.egemtv.com\/index.php?rest_route=\/wp\/v2\/posts\/15314\/revisions"}],"predecessor-version":[{"id":15316,"href":"https:\/\/www.egemtv.com\/index.php?rest_route=\/wp\/v2\/posts\/15314\/revisions\/15316"}],"wp:featuredmedia":[{"embeddable":true,"href":"https:\/\/www.egemtv.com\/index.php?rest_route=\/wp\/v2\/media\/15315"}],"wp:attachment":[{"href":"https:\/\/www.egemtv.com\/index.php?rest_route=%2Fwp%2Fv2%2Fmedia&parent=15314"}],"wp:term":[{"taxonomy":"category","embeddable":true,"href":"https:\/\/www.egemtv.com\/index.php?rest_route=%2Fwp%2Fv2%2Fcategories&post=15314"},{"taxonomy":"post_tag","embeddable":true,"href":"https:\/\/www.egemtv.com\/index.php?rest_route=%2Fwp%2Fv2%2Ftags&post=15314"}],"curies":[{"name":"wp","href":"https:\/\/api.w.org\/{rel}","templated":true}]}}