{"id":15311,"date":"2025-02-04T13:09:59","date_gmt":"2025-02-04T10:09:59","guid":{"rendered":"https:\/\/www.egemtv.com\/?p=15311"},"modified":"2025-02-04T13:10:05","modified_gmt":"2025-02-04T10:10:05","slug":"denizlisporda-olaganustu-kongre-iptal-edildi","status":"publish","type":"post","link":"https:\/\/www.egemtv.com\/?p=15311","title":{"rendered":"Denizlispor\u2019da ola\u011fan\u00fcst\u00fc kongre iptal edildi"},"content":{"rendered":"<p>TFF Nesine 3. Lig 4. Grup tak\u0131mlar\u0131ndan Denizlispor\u2019da \u015eubat ay\u0131 i\u00e7erisinde yap\u0131laca\u011f\u0131 duyurulan ola\u011fan\u00fcst\u00fc se\u00e7imli genel kurul y\u00f6netim taraf\u0131ndan iptal edildi.<\/p>\n<p>Denizli Spor Kul\u00fcb\u00fc Y\u00f6netim Kurulunun Erhan Ergil ba\u015fkanl\u0131\u011f\u0131nda yapt\u0131\u011f\u0131 toplant\u0131s\u0131nda, Denizlispor\u2019un 18 \u2013 25 \u015eubat 2025 tarihlerinde yap\u0131lmas\u0131n\u0131 planlanan se\u00e7imli ola\u011fan \u00fcst\u00fc genel kurul toplant\u0131s\u0131n\u0131n ileri bir tarihte yap\u0131lmak \u00fczere ertelenmesine oy birli\u011fi ile karar verildi.<br \/>\n<br \/>Kul\u00fcpten yap\u0131lan a\u00e7\u0131klamada; &#8220;Denizlispor Y\u00f6netim Kurulu olarak, \u015eubat ay\u0131 i\u00e7inde yap\u0131lmas\u0131 planlanan Ola\u011fan\u00fcst\u00fc Genel Kurul, g\u00f6r\u00fclen l\u00fczum \u00fczerine iptal edilerek ileri bir tarihe ertelenmi\u015ftir&#8221; denildi.<\/p>\n<p>Ba\u015fkan Ergil\u2019de sosyal medya hesab\u0131ndan yapt\u0131\u011f\u0131 a\u00e7\u0131klamada; &#8220;\u015eubat ay\u0131nda planlad\u0131\u011f\u0131m\u0131z se\u00e7imli ola\u011fan \u00fcst\u00fc genel kurul toplant\u0131s\u0131n\u0131n, g\u00f6rd\u00fc\u011f\u00fcm\u00fcz l\u00fczum \u00fczerine iptal edilmesine, ileri bir tarihte yap\u0131lmak \u00fczere ertelenmesine oy birli\u011fi ile karar verilmi\u015ftir. Sa\u011fl\u0131kl\u0131 \u015fartlarda yap\u0131lacak bir kongrede ba\u015fkan aday\u0131mda daima Abdullah \u00c7\u0131t\u0131\u015fl\u0131\u2019d\u0131r. Acil istikrara ihtiyac\u0131m\u0131z var. Kimse 1 ay sonra kongreye gidecek olan ve finansal yap\u0131s\u0131 \u00e7\u00f6z\u00fcme kavu\u015fmayan bir kul\u00fcbe destek olmak istemiyor. Sponsor bulam\u0131yoruz, i\u015fin ince sebebi de burada. Ge\u00e7ici de\u011fil kal\u0131c\u0131y\u0131z. Kal\u0131c\u0131l\u0131\u011f\u0131m\u0131z koltuklarda de\u011fil, kald\u0131r\u0131mda gene destekleriz&#8221; dedi.<br \/><\/p>\n","protected":false},"excerpt":{"rendered":"<p>TFF Nesine 3. Lig 4. Grup tak\u0131mlar\u0131ndan Denizlispor\u2019da \u015eubat ay\u0131 i\u00e7erisinde yap\u0131laca\u011f\u0131 duyurulan ola\u011fan\u00fcst\u00fc se\u00e7imli genel kurul y\u00f6netim taraf\u0131ndan iptal edildi. Denizli Spor Kul\u00fcb\u00fc Y\u00f6netim Kurulunun Erhan Ergil ba\u015fkanl\u0131\u011f\u0131nda yapt\u0131\u011f\u0131 toplant\u0131s\u0131nda, Denizlispor\u2019un 18 \u2013 25 \u015eubat 2025 tarihlerinde yap\u0131lmas\u0131n\u0131 planlanan se\u00e7imli ola\u011fan \u00fcst\u00fc genel kurul toplant\u0131s\u0131n\u0131n ileri bir tarihte yap\u0131lmak \u00fczere ertelenmesine oy birli\u011fi ile&#8230;<\/p>\n","protected":false},"author":1,"featured_media":15312,"comment_status":"open","ping_status":"open","sticky":false,"template":"","format":"standard","meta":{"_crdt_document":"","footnotes":""},"categories":[4],"tags":[],"class_list":["post-15311","post","type-post","status-publish","format-standard","has-post-thumbnail","hentry","category-spor"],"_links":{"self":[{"href":"https:\/\/www.egemtv.com\/index.php?rest_route=\/wp\/v2\/posts\/15311","targetHints":{"allow":["GET"]}}],"collection":[{"href":"https:\/\/www.egemtv.com\/index.php?rest_route=\/wp\/v2\/posts"}],"about":[{"href":"https:\/\/www.egemtv.com\/index.php?rest_route=\/wp\/v2\/types\/post"}],"author":[{"embeddable":true,"href":"https:\/\/www.egemtv.com\/index.php?rest_route=\/wp\/v2\/users\/1"}],"replies":[{"embeddable":true,"href":"https:\/\/www.egemtv.com\/index.php?rest_route=%2Fwp%2Fv2%2Fcomments&post=15311"}],"version-history":[{"count":1,"href":"https:\/\/www.egemtv.com\/index.php?rest_route=\/wp\/v2\/posts\/15311\/revisions"}],"predecessor-version":[{"id":15313,"href":"https:\/\/www.egemtv.com\/index.php?rest_route=\/wp\/v2\/posts\/15311\/revisions\/15313"}],"wp:featuredmedia":[{"embeddable":true,"href":"https:\/\/www.egemtv.com\/index.php?rest_route=\/wp\/v2\/media\/15312"}],"wp:attachment":[{"href":"https:\/\/www.egemtv.com\/index.php?rest_route=%2Fwp%2Fv2%2Fmedia&parent=15311"}],"wp:term":[{"taxonomy":"category","embeddable":true,"href":"https:\/\/www.egemtv.com\/index.php?rest_route=%2Fwp%2Fv2%2Fcategories&post=15311"},{"taxonomy":"post_tag","embeddable":true,"href":"https:\/\/www.egemtv.com\/index.php?rest_route=%2Fwp%2Fv2%2Ftags&post=15311"}],"curies":[{"name":"wp","href":"https:\/\/api.w.org\/{rel}","templated":true}]}}