{"id":15308,"date":"2025-02-04T13:07:09","date_gmt":"2025-02-04T10:07:09","guid":{"rendered":"https:\/\/www.egemtv.com\/?p=15308"},"modified":"2025-02-04T13:07:13","modified_gmt":"2025-02-04T10:07:13","slug":"marmaris-barlar-sokagi-icin-ilce-protokolu-sokak-esnafi-ile-toplanti-yapti","status":"publish","type":"post","link":"https:\/\/www.egemtv.com\/?p=15308","title":{"rendered":"Marmaris Barlar Soka\u011f\u0131 i\u00e7in il\u00e7e protokol\u00fc sokak esnaf\u0131 ile  toplant\u0131 yapt\u0131"},"content":{"rendered":"<p>D\u00fcnyada ve Avrupa\u2019da en b\u00fcy\u00fck e\u011flence soka\u011f\u0131 olarak g\u00f6sterilen gece e\u011flencesi sekt\u00f6r\u00fcn\u00fcn merkezi konumunda olan Marmaris Barlar Soka\u011f\u0131\u2019n\u0131n mevcut durumu ve gelece\u011fine ili\u015fkin \u00f6nemli bir toplant\u0131 ger\u00e7ekle\u015ftirildi. Yaz sezonu a\u00e7\u0131lmas\u0131na birka\u00e7 ay kala yap\u0131lan toplant\u0131 Marmaris Ticaret Odas\u0131 Ba\u015fkan\u0131 S. Mutlu Ayhan\u2019\u0131n ev sahipli\u011finde Ticaret Odas\u0131 toplant\u0131 salonunda yap\u0131ld\u0131.<\/p>\n<p>Kaymakam Nurullah Kaya, Belediye Ba\u015fkan\u0131 Acar \u00dcnl\u00fc, Jandarma, Emniyet ve kamu kurum amirleri, sekt\u00f6r temsilcileri ve i\u015fletmecilerden kurulan dernek \u00fcyeleri toplant\u0131ya kat\u0131larak fikirlerini ve al\u0131nacak \u00f6nlemler ile ilgili g\u00f6r\u00fc\u015f al\u0131\u015fveri\u015fi yapt\u0131.<\/p>\n<p>Marmaris Ticaret Odas\u0131\u2019nda ger\u00e7ekle\u015fen toplant\u0131da, Barlar Soka\u011f\u0131\u2019nda uygulanacak kurallar, i\u015fletmelerin sekt\u00f6rel uyum s\u00fcreci ve nitelikli bir e\u011flence anlay\u0131\u015f\u0131n\u0131n Marmaris\u2019te nas\u0131l s\u00fcrd\u00fcr\u00fclebilece\u011fi ele al\u0131nd\u0131. Kaymakam Nurullah Kaya, Marmaris\u2019in turizm kimli\u011fine uygun bir e\u011flence anlay\u0131\u015f\u0131n\u0131n \u00f6nemine dikkat \u00e7ekerek, &#8220;Barlar Soka\u011f\u0131\u2019n\u0131n d\u00fczenli ve kaliteli bir yap\u0131ya kavu\u015fmas\u0131, hem b\u00f6lge halk\u0131 hem de i\u015fletmeler i\u00e7in kritik bir ad\u0131m&#8221; ifadelerini kulland\u0131.<\/p>\n<p>Belediye Ba\u015fkan\u0131 Acar \u00dcnl\u00fc de toplant\u0131da yapt\u0131\u011f\u0131 konu\u015fmada, turizmin s\u00fcrd\u00fcr\u00fclebilirli\u011fi i\u00e7in i\u015f birli\u011finin \u00f6nemini vurgulad\u0131. \u00dcnl\u00fc, &#8220;Marmaris, e\u011flence ve turizmi bir arada sunan bir \u015fehir. Bu dengeyi sa\u011flamak ad\u0131na gerekli ad\u0131mlar\u0131 atmaya devam edece\u011fiz&#8221; dedi.<\/p>\n<p>Toplant\u0131da sekt\u00f6r temsilcilerinin de \u00f6nerileri al\u0131narak, Barlar Soka\u011f\u0131\u2019n\u0131n d\u00fczenlenmesine y\u00f6nelik kapsaml\u0131 bir yol haritas\u0131 olu\u015fturulmas\u0131 kararla\u015ft\u0131r\u0131ld\u0131. Al\u0131nan kararlar\u0131n \u00f6n\u00fcm\u00fczdeki d\u00f6nemde uygulamaya konmas\u0131 bekleniyor.<br \/><\/p>\n","protected":false},"excerpt":{"rendered":"<p>D\u00fcnyada ve Avrupa\u2019da en b\u00fcy\u00fck e\u011flence soka\u011f\u0131 olarak g\u00f6sterilen gece e\u011flencesi sekt\u00f6r\u00fcn\u00fcn merkezi konumunda olan Marmaris Barlar Soka\u011f\u0131\u2019n\u0131n mevcut durumu ve gelece\u011fine ili\u015fkin \u00f6nemli bir toplant\u0131 ger\u00e7ekle\u015ftirildi. Yaz sezonu a\u00e7\u0131lmas\u0131na birka\u00e7 ay kala yap\u0131lan toplant\u0131 Marmaris Ticaret Odas\u0131 Ba\u015fkan\u0131 S. Mutlu Ayhan\u2019\u0131n ev sahipli\u011finde Ticaret Odas\u0131 toplant\u0131 salonunda yap\u0131ld\u0131. Kaymakam Nurullah Kaya, Belediye Ba\u015fkan\u0131 Acar&#8230;<\/p>\n","protected":false},"author":1,"featured_media":15309,"comment_status":"open","ping_status":"open","sticky":false,"template":"","format":"standard","meta":{"_crdt_document":"","footnotes":""},"categories":[1],"tags":[],"class_list":["post-15308","post","type-post","status-publish","format-standard","has-post-thumbnail","hentry","category-guncel"],"_links":{"self":[{"href":"https:\/\/www.egemtv.com\/index.php?rest_route=\/wp\/v2\/posts\/15308","targetHints":{"allow":["GET"]}}],"collection":[{"href":"https:\/\/www.egemtv.com\/index.php?rest_route=\/wp\/v2\/posts"}],"about":[{"href":"https:\/\/www.egemtv.com\/index.php?rest_route=\/wp\/v2\/types\/post"}],"author":[{"embeddable":true,"href":"https:\/\/www.egemtv.com\/index.php?rest_route=\/wp\/v2\/users\/1"}],"replies":[{"embeddable":true,"href":"https:\/\/www.egemtv.com\/index.php?rest_route=%2Fwp%2Fv2%2Fcomments&post=15308"}],"version-history":[{"count":1,"href":"https:\/\/www.egemtv.com\/index.php?rest_route=\/wp\/v2\/posts\/15308\/revisions"}],"predecessor-version":[{"id":15310,"href":"https:\/\/www.egemtv.com\/index.php?rest_route=\/wp\/v2\/posts\/15308\/revisions\/15310"}],"wp:featuredmedia":[{"embeddable":true,"href":"https:\/\/www.egemtv.com\/index.php?rest_route=\/wp\/v2\/media\/15309"}],"wp:attachment":[{"href":"https:\/\/www.egemtv.com\/index.php?rest_route=%2Fwp%2Fv2%2Fmedia&parent=15308"}],"wp:term":[{"taxonomy":"category","embeddable":true,"href":"https:\/\/www.egemtv.com\/index.php?rest_route=%2Fwp%2Fv2%2Fcategories&post=15308"},{"taxonomy":"post_tag","embeddable":true,"href":"https:\/\/www.egemtv.com\/index.php?rest_route=%2Fwp%2Fv2%2Ftags&post=15308"}],"curies":[{"name":"wp","href":"https:\/\/api.w.org\/{rel}","templated":true}]}}