{"id":15302,"date":"2025-02-04T13:02:45","date_gmt":"2025-02-04T10:02:45","guid":{"rendered":"https:\/\/www.egemtv.com\/?p=15302"},"modified":"2025-02-04T13:02:50","modified_gmt":"2025-02-04T10:02:50","slug":"kutahya-belediye-baskani-eyup-kahveci-sokak-hayvanlari-icin-yol-haritasini-acikladi","status":"publish","type":"post","link":"https:\/\/www.egemtv.com\/?p=15302","title":{"rendered":"K\u00fctahya Belediye Ba\u015fkan\u0131 Ey\u00fcp Kahveci, sokak hayvanlar\u0131 i\u00e7in yol haritas\u0131n\u0131 a\u00e7\u0131klad\u0131"},"content":{"rendered":"<p>K\u00fctahya Belediye Ba\u015fkan\u0131 Ey\u00fcp Kahveci, Muhtarlar Derne\u011fi Ba\u015fkan\u0131 ve B\u00f6rek\u00e7iler Mahallesi Muhtar\u0131 \u0130smail Ar\u0131 ile bir araya gelerek \u015fehirdeki sokak hayvanlar\u0131yla ilgili mevcut durumu ve at\u0131lacak ad\u0131mlar\u0131 de\u011ferlendirdi. Toplant\u0131ya K\u00fctahya Belediyesi Veteriner \u0130\u015fleri M\u00fcd\u00fcr\u00fc Ali Bilcan da kat\u0131ld\u0131.<br \/>\n<br \/>G\u00f6r\u00fc\u015fmede, sahipsiz hayvanlar\u0131n \u015fehir ya\u015fam\u0131na uyum sa\u011flamas\u0131 i\u00e7in al\u0131nabilecek \u00f6nlemler, halk sa\u011fl\u0131\u011f\u0131 ve g\u00fcvenli\u011fi a\u00e7\u0131s\u0131ndan yap\u0131lmas\u0131 gerekenler detayl\u0131 bir \u015fekilde ele al\u0131nd\u0131. Ba\u015fkan Kahveci, sokak hayvanlar\u0131yla ilgili \u00e7al\u0131\u015fmalar\u0131n h\u0131zland\u0131r\u0131laca\u011f\u0131n\u0131 belirterek, &#8220;Hem vatanda\u015flar\u0131m\u0131z\u0131n g\u00fcvenli\u011fini sa\u011flamak hem de sokak hayvanlar\u0131n\u0131n ya\u015fam \u015fartlar\u0131n\u0131 iyile\u015ftirmek ad\u0131na kapsaml\u0131 bir yol haritas\u0131 belirledik&#8221; dedi.<br \/>\n<br \/>Veteriner \u0130\u015fleri M\u00fcd\u00fcr\u00fc Ali Bilcan, belediye taraf\u0131ndan y\u00fcr\u00fct\u00fclen \u00e7al\u0131\u015fmalar hakk\u0131nda bilgi verdi. Bilcan, k\u0131s\u0131rla\u015ft\u0131rma, a\u015f\u0131lama ve rehabilitasyon s\u00fcre\u00e7lerinin daha etkin hale getirilmesi i\u00e7in yap\u0131labilecek \u00e7al\u0131\u015fmalar\u0131 anlatarak, &#8220;Sahipsiz hayvanlar\u0131n kontrol alt\u0131na al\u0131nmas\u0131 i\u00e7in k\u0131s\u0131rla\u015ft\u0131rma \u00e7al\u0131\u015fmalar\u0131n\u0131 art\u0131raca\u011f\u0131z. Ayn\u0131 zamanda sahada y\u00fcr\u00fct\u00fclen faaliyetlerimizi de geni\u015fleterek daha etkili sonu\u00e7lar almay\u0131 hedefliyoruz&#8221; ifadelerini kulland\u0131.<br \/>\n<br \/>Toplant\u0131da, sahipsiz hayvanlar\u0131n kontrol alt\u0131na al\u0131nmas\u0131, ilgili birimlerin sahadaki \u00e7al\u0131\u015fmalar\u0131n\u0131n geni\u015fletilmesi ve toplumda fark\u0131ndal\u0131k olu\u015fturulmas\u0131 gibi konular da g\u00fcndeme geldi. K\u00fctahya Belediyesi, hem sokak hayvanlar\u0131n\u0131n refah\u0131n\u0131 art\u0131rmak hem de vatanda\u015flar\u0131n g\u00fcvenli\u011fini sa\u011flamak ad\u0131na g\u00fcvenli ve s\u00fcrd\u00fcr\u00fclebilir \u00e7\u00f6z\u00fcmler \u00fcretmeye devam edecek.<br \/>\n<br \/>Ba\u015fkan Kahveci, konuya ili\u015fkin yapt\u0131\u011f\u0131 a\u00e7\u0131klamada, &#8220;Sokak hayvanlar\u0131yla ilgili mesele sadece belediyemizin de\u011fil, t\u00fcm toplumun sorumlulu\u011fundad\u0131r. Bu konuda hem vatanda\u015flar\u0131m\u0131z\u0131n duyarl\u0131l\u0131\u011f\u0131 hem de kurumlar\u0131m\u0131z\u0131n i\u015f birli\u011fi b\u00fcy\u00fck \u00f6nem ta\u015f\u0131yor&#8221; diyerek toplumsal dayan\u0131\u015fman\u0131n \u00f6nemine dikkat \u00e7ekti.<br \/><\/p>\n","protected":false},"excerpt":{"rendered":"<p>K\u00fctahya Belediye Ba\u015fkan\u0131 Ey\u00fcp Kahveci, Muhtarlar Derne\u011fi Ba\u015fkan\u0131 ve B\u00f6rek\u00e7iler Mahallesi Muhtar\u0131 \u0130smail Ar\u0131 ile bir araya gelerek \u015fehirdeki sokak hayvanlar\u0131yla ilgili mevcut durumu ve at\u0131lacak ad\u0131mlar\u0131 de\u011ferlendirdi. Toplant\u0131ya K\u00fctahya Belediyesi Veteriner \u0130\u015fleri M\u00fcd\u00fcr\u00fc Ali Bilcan da kat\u0131ld\u0131. G\u00f6r\u00fc\u015fmede, sahipsiz hayvanlar\u0131n \u015fehir ya\u015fam\u0131na uyum sa\u011flamas\u0131 i\u00e7in al\u0131nabilecek \u00f6nlemler, halk sa\u011fl\u0131\u011f\u0131 ve g\u00fcvenli\u011fi a\u00e7\u0131s\u0131ndan yap\u0131lmas\u0131 gerekenler&#8230;<\/p>\n","protected":false},"author":1,"featured_media":15303,"comment_status":"open","ping_status":"open","sticky":false,"template":"","format":"standard","meta":{"_crdt_document":"","footnotes":""},"categories":[1],"tags":[],"class_list":["post-15302","post","type-post","status-publish","format-standard","has-post-thumbnail","hentry","category-guncel"],"_links":{"self":[{"href":"https:\/\/www.egemtv.com\/index.php?rest_route=\/wp\/v2\/posts\/15302","targetHints":{"allow":["GET"]}}],"collection":[{"href":"https:\/\/www.egemtv.com\/index.php?rest_route=\/wp\/v2\/posts"}],"about":[{"href":"https:\/\/www.egemtv.com\/index.php?rest_route=\/wp\/v2\/types\/post"}],"author":[{"embeddable":true,"href":"https:\/\/www.egemtv.com\/index.php?rest_route=\/wp\/v2\/users\/1"}],"replies":[{"embeddable":true,"href":"https:\/\/www.egemtv.com\/index.php?rest_route=%2Fwp%2Fv2%2Fcomments&post=15302"}],"version-history":[{"count":1,"href":"https:\/\/www.egemtv.com\/index.php?rest_route=\/wp\/v2\/posts\/15302\/revisions"}],"predecessor-version":[{"id":15304,"href":"https:\/\/www.egemtv.com\/index.php?rest_route=\/wp\/v2\/posts\/15302\/revisions\/15304"}],"wp:featuredmedia":[{"embeddable":true,"href":"https:\/\/www.egemtv.com\/index.php?rest_route=\/wp\/v2\/media\/15303"}],"wp:attachment":[{"href":"https:\/\/www.egemtv.com\/index.php?rest_route=%2Fwp%2Fv2%2Fmedia&parent=15302"}],"wp:term":[{"taxonomy":"category","embeddable":true,"href":"https:\/\/www.egemtv.com\/index.php?rest_route=%2Fwp%2Fv2%2Fcategories&post=15302"},{"taxonomy":"post_tag","embeddable":true,"href":"https:\/\/www.egemtv.com\/index.php?rest_route=%2Fwp%2Fv2%2Ftags&post=15302"}],"curies":[{"name":"wp","href":"https:\/\/api.w.org\/{rel}","templated":true}]}}