{"id":15299,"date":"2025-02-04T12:59:25","date_gmt":"2025-02-04T09:59:25","guid":{"rendered":"https:\/\/www.egemtv.com\/?p=15299"},"modified":"2025-02-04T12:59:30","modified_gmt":"2025-02-04T09:59:30","slug":"kutahyada-59-bin-makaron-ele-gecirildi","status":"publish","type":"post","link":"https:\/\/www.egemtv.com\/?p=15299","title":{"rendered":"K\u00fctahya\u2019da 59 bin makaron ele ge\u00e7irildi"},"content":{"rendered":"<p>K\u00fctahya\u2019da i\u015f yeri ve ikamette ger\u00e7ekle\u015ftirilen aramalarda 59 bin 460 adet makaron ele ge\u00e7irildi.<br \/>\n<br \/>\u0130l Emniyet M\u00fcd\u00fcrl\u00fc\u011f\u00fc Ka\u00e7ak\u00e7\u0131l\u0131k ve Organize Su\u00e7larla M\u00fccadele (KOM) \u015eube M\u00fcd\u00fcrl\u00fc\u011f\u00fc ekipleri, ka\u00e7ak\u00e7\u0131l\u0131kla m\u00fccadele kapsam\u0131nda \u00f6nemli bir operasyona imza att\u0131. 5607 Say\u0131l\u0131 Ka\u00e7ak\u00e7\u0131l\u0131kla M\u00fccadele Kanunu kapsam\u0131nda y\u00fcr\u00fct\u00fclen \u00e7al\u0131\u015fmalar do\u011frultusunda, ka\u00e7ak sigara \u00fcretimi ve sat\u0131\u015f\u0131 yapt\u0131\u011f\u0131 belirlenen \u015fah\u0131slara y\u00f6nelik operasyon d\u00fczenlendi. Bir i\u015f yeri ve bir ikamette ger\u00e7ekle\u015ftirilen aramalarda; 59 bin 460 adet dolu ve bo\u015f makaron, 2 adet elektrikli sigara sarma makinesi ve 38,5 kilogram k\u0131y\u0131lm\u0131\u015f t\u00fct\u00fcn ele ge\u00e7irildi. Operasyon kapsam\u0131nda g\u00f6zalt\u0131na al\u0131nan \u015f\u00fcpheliler hakk\u0131nda adli i\u015flem ba\u015flat\u0131ld\u0131.<br \/><\/p>\n","protected":false},"excerpt":{"rendered":"<p>K\u00fctahya\u2019da i\u015f yeri ve ikamette ger\u00e7ekle\u015ftirilen aramalarda 59 bin 460 adet makaron ele ge\u00e7irildi. \u0130l Emniyet M\u00fcd\u00fcrl\u00fc\u011f\u00fc Ka\u00e7ak\u00e7\u0131l\u0131k ve Organize Su\u00e7larla M\u00fccadele (KOM) \u015eube M\u00fcd\u00fcrl\u00fc\u011f\u00fc ekipleri, ka\u00e7ak\u00e7\u0131l\u0131kla m\u00fccadele kapsam\u0131nda \u00f6nemli bir operasyona imza att\u0131. 5607 Say\u0131l\u0131 Ka\u00e7ak\u00e7\u0131l\u0131kla M\u00fccadele Kanunu kapsam\u0131nda y\u00fcr\u00fct\u00fclen \u00e7al\u0131\u015fmalar do\u011frultusunda, ka\u00e7ak sigara \u00fcretimi ve sat\u0131\u015f\u0131 yapt\u0131\u011f\u0131 belirlenen \u015fah\u0131slara y\u00f6nelik operasyon d\u00fczenlendi. Bir&#8230;<\/p>\n","protected":false},"author":1,"featured_media":15300,"comment_status":"open","ping_status":"open","sticky":false,"template":"","format":"standard","meta":{"_crdt_document":"","footnotes":""},"categories":[5],"tags":[],"class_list":["post-15299","post","type-post","status-publish","format-standard","has-post-thumbnail","hentry","category-asayis"],"_links":{"self":[{"href":"https:\/\/www.egemtv.com\/index.php?rest_route=\/wp\/v2\/posts\/15299","targetHints":{"allow":["GET"]}}],"collection":[{"href":"https:\/\/www.egemtv.com\/index.php?rest_route=\/wp\/v2\/posts"}],"about":[{"href":"https:\/\/www.egemtv.com\/index.php?rest_route=\/wp\/v2\/types\/post"}],"author":[{"embeddable":true,"href":"https:\/\/www.egemtv.com\/index.php?rest_route=\/wp\/v2\/users\/1"}],"replies":[{"embeddable":true,"href":"https:\/\/www.egemtv.com\/index.php?rest_route=%2Fwp%2Fv2%2Fcomments&post=15299"}],"version-history":[{"count":1,"href":"https:\/\/www.egemtv.com\/index.php?rest_route=\/wp\/v2\/posts\/15299\/revisions"}],"predecessor-version":[{"id":15301,"href":"https:\/\/www.egemtv.com\/index.php?rest_route=\/wp\/v2\/posts\/15299\/revisions\/15301"}],"wp:featuredmedia":[{"embeddable":true,"href":"https:\/\/www.egemtv.com\/index.php?rest_route=\/wp\/v2\/media\/15300"}],"wp:attachment":[{"href":"https:\/\/www.egemtv.com\/index.php?rest_route=%2Fwp%2Fv2%2Fmedia&parent=15299"}],"wp:term":[{"taxonomy":"category","embeddable":true,"href":"https:\/\/www.egemtv.com\/index.php?rest_route=%2Fwp%2Fv2%2Fcategories&post=15299"},{"taxonomy":"post_tag","embeddable":true,"href":"https:\/\/www.egemtv.com\/index.php?rest_route=%2Fwp%2Fv2%2Ftags&post=15299"}],"curies":[{"name":"wp","href":"https:\/\/api.w.org\/{rel}","templated":true}]}}